{"id":10528,"date":"2026-04-09T11:59:00","date_gmt":"2026-04-09T09:59:00","guid":{"rendered":"https:\/\/moeckernkiez-ev.de\/Wordpress_MK\/?p=10528"},"modified":"2026-04-20T13:04:04","modified_gmt":"2026-04-20T11:04:04","slug":"film-no-lands-song-forum-moeckernkiez-am-15-04-26-18-30-uhr-mit-dem-regisseur","status":"publish","type":"post","link":"https:\/\/moeckernkiez-ev.de\/Wordpress_MK\/2026\/04\/09\/film-no-lands-song-forum-moeckernkiez-am-15-04-26-18-30-uhr-mit-dem-regisseur\/","title":{"rendered":"Film &#8218;No land\u2019s song&#8216; &#8211; Forum M\u00f6ckernkiez am 15.04.26, 18.30 Uhr, mit dem Regisseur"},"content":{"rendered":"\n<p>Film von Ayat Najafi<\/p>\n\n\n\n<p>Die AG Erinnerung Gleis 1 hat voriges Jahr mit Dr. Helge Gr\u00fcnwald, ehemals Pressesprecher und dann Dramaturg bei den Berliner Philharmonikern, eine Filmreihe mit Diskussion begonnen. Der erste Film war Klassik unterm Hakenkreuz. Der zweite am 11. M\u00e4rz: &#8222;Musik als Zuflucht. Theresienstadt&#8220;.<\/p>\n\n\n\n<figure class=\"wp-block-image size-large\"><img loading=\"lazy\" decoding=\"async\" width=\"1024\" height=\"576\" src=\"https:\/\/moeckernkiez-ev.de\/Wordpress_MK\/wp-content\/uploads\/2026\/03\/grafik-4-1024x576.png\" alt=\"\" class=\"wp-image-10529\" srcset=\"https:\/\/moeckernkiez-ev.de\/Wordpress_MK\/wp-content\/uploads\/2026\/03\/grafik-4-1024x576.png 1024w, https:\/\/moeckernkiez-ev.de\/Wordpress_MK\/wp-content\/uploads\/2026\/03\/grafik-4-300x169.png 300w, https:\/\/moeckernkiez-ev.de\/Wordpress_MK\/wp-content\/uploads\/2026\/03\/grafik-4-768x432.png 768w, https:\/\/moeckernkiez-ev.de\/Wordpress_MK\/wp-content\/uploads\/2026\/03\/grafik-4-1536x864.png 1536w, https:\/\/moeckernkiez-ev.de\/Wordpress_MK\/wp-content\/uploads\/2026\/03\/grafik-4-1320x743.png 1320w, https:\/\/moeckernkiez-ev.de\/Wordpress_MK\/wp-content\/uploads\/2026\/03\/grafik-4.png 1920w\" sizes=\"auto, (max-width: 1024px) 100vw, 1024px\" \/><\/figure>\n\n\n\n<p>No Land\u2018s Song ist ein Dokumentarfilm \u00fcber die vermeintlich subversive Bedrohung durch die weibliche Stimme und eine Parabel auf die Verh\u00e4ltnisse im Iran nach der dortigen Revolution im Jahr 1979. Damals entschieden die religi\u00f6sen F\u00fchrer des Landes, Frauen d\u00fcrften nicht allein vor einem (vor allem m\u00e4nnlichen) Publikum singen. Der in Berlin lebende Regisseur Ayat Najafi begleitete seine Schwester, die S\u00e4ngerin und Komponistin Sara Najafi, bei dem beharrlichen Versuch, ein Konzert zu Ehren der legend\u00e4ren Qamar-ol-Molouk Vaziri zu organisieren. Vaziri war die erste Frau, die unbegleitet und unverh\u00fcllt im Iran gesungen hatte. Aktive Mitstreiterinnen findet Sara u.a. in zwei S\u00e4ngerkolleginnen: Sayeh Sodeyfi und Parvin Namazi. Bis zuletzt ist allerdings unsicher, ob das Konzert stattfinden kann\u2026<\/p>\n\n\n\n<p>Regisseur Ayat Najafi wird am 15. April anwesend sein. Helge Gr\u00fcnewald und Johann Behrens freuen sich auf die Diskussion mit ihm und dem Publikum.<\/p>\n\n\n\n<p>Informationen zum Film:<br><a href=\"https:\/\/de.wikipedia.org\/wiki\/No_Land%E2%80%99s_Song\">https:\/\/de.wikipedia.org\/wiki\/No_Land%E2%80%99s_Song<\/a><\/p>\n\n\n\n<p>Eintritt frei. Spenden willkommen.<\/p>\n","protected":false},"excerpt":{"rendered":"<p>Film von Ayat Najafi Die AG Erinnerung Gleis 1 hat voriges Jahr mit Dr. Helge Gr\u00fcnwald, ehemals Pressesprecher und dann Dramaturg bei den Berliner Philharmonikern, eine Filmreihe mit Diskussion begonnen. Der erste Film war Klassik unterm Hakenkreuz. Der zweite am 11. M\u00e4rz: &#8222;Musik als Zuflucht. Theresienstadt&#8220;. No Land\u2018s Song ist ein Dokumentarfilm \u00fcber die vermeintlich &#8230; <\/p>\n<p class=\"read-more-container\"><a title=\"Film &#8218;No land\u2019s song&#8216; &#8211; Forum M\u00f6ckernkiez am 15.04.26, 18.30 Uhr, mit dem Regisseur\" class=\"read-more button\" href=\"https:\/\/moeckernkiez-ev.de\/Wordpress_MK\/2026\/04\/09\/film-no-lands-song-forum-moeckernkiez-am-15-04-26-18-30-uhr-mit-dem-regisseur\/#more-10528\" aria-label=\"Mehr Informationen \u00fcber Film &#8218;No land\u2019s song&#8216; &#8211; Forum M\u00f6ckernkiez am 15.04.26, 18.30 Uhr, mit dem Regisseur\">Beitrag lesen<\/a><\/p>\n","protected":false},"author":14,"featured_media":10529,"comment_status":"closed","ping_status":"open","sticky":false,"template":"","format":"standard","meta":{"footnotes":""},"categories":[86,6,64,4],"tags":[],"class_list":["post-10528","post","type-post","status-publish","format-standard","has-post-thumbnail","hentry","category-archiv","category-kino","category-politik","category-veranstaltung"],"publishpress_future_action":{"enabled":false,"date":"2026-05-07 02:30:40","action":"change-status","newStatus":"draft","terms":[],"taxonomy":"category","extraData":[]},"publishpress_future_workflow_manual_trigger":{"enabledWorkflows":[]},"_links":{"self":[{"href":"https:\/\/moeckernkiez-ev.de\/Wordpress_MK\/wp-json\/wp\/v2\/posts\/10528","targetHints":{"allow":["GET"]}}],"collection":[{"href":"https:\/\/moeckernkiez-ev.de\/Wordpress_MK\/wp-json\/wp\/v2\/posts"}],"about":[{"href":"https:\/\/moeckernkiez-ev.de\/Wordpress_MK\/wp-json\/wp\/v2\/types\/post"}],"author":[{"embeddable":true,"href":"https:\/\/moeckernkiez-ev.de\/Wordpress_MK\/wp-json\/wp\/v2\/users\/14"}],"replies":[{"embeddable":true,"href":"https:\/\/moeckernkiez-ev.de\/Wordpress_MK\/wp-json\/wp\/v2\/comments?post=10528"}],"version-history":[{"count":1,"href":"https:\/\/moeckernkiez-ev.de\/Wordpress_MK\/wp-json\/wp\/v2\/posts\/10528\/revisions"}],"predecessor-version":[{"id":10530,"href":"https:\/\/moeckernkiez-ev.de\/Wordpress_MK\/wp-json\/wp\/v2\/posts\/10528\/revisions\/10530"}],"wp:featuredmedia":[{"embeddable":true,"href":"https:\/\/moeckernkiez-ev.de\/Wordpress_MK\/wp-json\/wp\/v2\/media\/10529"}],"wp:attachment":[{"href":"https:\/\/moeckernkiez-ev.de\/Wordpress_MK\/wp-json\/wp\/v2\/media?parent=10528"}],"wp:term":[{"taxonomy":"category","embeddable":true,"href":"https:\/\/moeckernkiez-ev.de\/Wordpress_MK\/wp-json\/wp\/v2\/categories?post=10528"},{"taxonomy":"post_tag","embeddable":true,"href":"https:\/\/moeckernkiez-ev.de\/Wordpress_MK\/wp-json\/wp\/v2\/tags?post=10528"}],"curies":[{"name":"wp","href":"https:\/\/api.w.org\/{rel}","templated":true}]}}