{"id":10896,"date":"2026-04-26T15:40:00","date_gmt":"2026-04-26T13:40:00","guid":{"rendered":"https:\/\/moeckernkiez-ev.de\/Wordpress_MK\/?p=10896"},"modified":"2026-04-26T01:42:11","modified_gmt":"2026-04-25T23:42:11","slug":"6-linux-cafe-im-technikmuseum","status":"publish","type":"post","link":"https:\/\/moeckernkiez-ev.de\/Wordpress_MK\/2026\/04\/26\/6-linux-cafe-im-technikmuseum\/","title":{"rendered":"6. Linux Caf\u00e9 im Technikmuseum"},"content":{"rendered":"\n<p>Am Samstag 25.4. fand im Technikmuseum Berlin in Zusammenarbeit mit dem Linux Gruppe des <a href=\"https:\/\/moeckernkiez-ev.de\/Wordpress_MK\/werkraum\/#linux-sprechstunde\">M\u00f6ckernkiez e.V.<\/a>, unterst\u00fctzt von <a href=\"https:\/\/c-base.org\/\">C-Base<\/a>, <a href=\"https:\/\/gemeinsamdigital.berlin.de\/de\/massnahmen-der-strategie\/digital-zebra\/\">Digital-Zebra<\/a> und <a href=\"https:\/\/kleindatenverein.org\/\">Kleindatenverein<\/a> das 6. Linux Caf\u00e9 statt. Ca. 7 Experten konnten wieder 8 &#8211; 10 G\u00e4ste mit verschiedenster Hardware begr\u00fc\u00dfen und gemeinsam mit ihnen die Umr\u00fcstung bzw. die Anleitung zum Wechsel auf offene, freie Software durchf\u00fchren.<br>Vom Museum wurden Getr\u00e4nke und Kekse gestellt, sodass die 3 Stunden wie im Fluge vergingen.<\/p>\n\n\n\n<p>LCTM 7 findet am 23.5.26 statt. Um Anmeldung wird unter <a href=\"mailto:linux@moeckernkiez-ev.de\">linux@moeckernkiez-ev.de<\/a><br>gebeten<\/p>\n\n\n\n<p><a href=\"https:\/\/technikmuseum.berlin\/veranstaltung\/linux-cafe\">https:\/\/technikmuseum.berlin\/veranstaltung\/linux-cafe<\/a><\/p>\n\n\n<div class=\"wp-block-image\">\n<figure class=\"aligncenter size-full\"><img loading=\"lazy\" decoding=\"async\" width=\"822\" height=\"738\" src=\"https:\/\/moeckernkiez-ev.de\/Wordpress_MK\/wp-content\/uploads\/2026\/04\/grafik-10.png\" alt=\"\" class=\"wp-image-10899\" srcset=\"https:\/\/moeckernkiez-ev.de\/Wordpress_MK\/wp-content\/uploads\/2026\/04\/grafik-10.png 822w, https:\/\/moeckernkiez-ev.de\/Wordpress_MK\/wp-content\/uploads\/2026\/04\/grafik-10-300x269.png 300w, https:\/\/moeckernkiez-ev.de\/Wordpress_MK\/wp-content\/uploads\/2026\/04\/grafik-10-768x690.png 768w\" sizes=\"auto, (max-width: 822px) 100vw, 822px\" \/><\/figure>\n<\/div>","protected":false},"excerpt":{"rendered":"<p>Am Samstag 25.4. fand im Technikmuseum Berlin in Zusammenarbeit mit dem Linux Gruppe des M\u00f6ckernkiez e.V., unterst\u00fctzt von C-Base, Digital-Zebra und Kleindatenverein das 6. Linux Caf\u00e9 statt. Ca. 7 Experten konnten wieder 8 &#8211; 10 G\u00e4ste mit verschiedenster Hardware begr\u00fc\u00dfen und gemeinsam mit ihnen die Umr\u00fcstung bzw. die Anleitung zum Wechsel auf offene, freie Software &#8230; <\/p>\n<p class=\"read-more-container\"><a title=\"6. Linux Caf\u00e9 im Technikmuseum\" class=\"read-more button\" href=\"https:\/\/moeckernkiez-ev.de\/Wordpress_MK\/2026\/04\/26\/6-linux-cafe-im-technikmuseum\/#more-10896\" aria-label=\"Mehr Informationen \u00fcber 6. Linux Caf\u00e9 im Technikmuseum\">Beitrag lesen<\/a><\/p>\n","protected":false},"author":14,"featured_media":0,"comment_status":"closed","ping_status":"open","sticky":false,"template":"","format":"standard","meta":{"footnotes":""},"categories":[1],"tags":[],"class_list":["post-10896","post","type-post","status-publish","format-standard","hentry","category-allgemein"],"publishpress_future_action":{"enabled":false,"date":"2026-05-05 11:35:44","action":"change-status","newStatus":"draft","terms":[],"taxonomy":"category","extraData":[]},"publishpress_future_workflow_manual_trigger":{"enabledWorkflows":[]},"_links":{"self":[{"href":"https:\/\/moeckernkiez-ev.de\/Wordpress_MK\/wp-json\/wp\/v2\/posts\/10896","targetHints":{"allow":["GET"]}}],"collection":[{"href":"https:\/\/moeckernkiez-ev.de\/Wordpress_MK\/wp-json\/wp\/v2\/posts"}],"about":[{"href":"https:\/\/moeckernkiez-ev.de\/Wordpress_MK\/wp-json\/wp\/v2\/types\/post"}],"author":[{"embeddable":true,"href":"https:\/\/moeckernkiez-ev.de\/Wordpress_MK\/wp-json\/wp\/v2\/users\/14"}],"replies":[{"embeddable":true,"href":"https:\/\/moeckernkiez-ev.de\/Wordpress_MK\/wp-json\/wp\/v2\/comments?post=10896"}],"version-history":[{"count":4,"href":"https:\/\/moeckernkiez-ev.de\/Wordpress_MK\/wp-json\/wp\/v2\/posts\/10896\/revisions"}],"predecessor-version":[{"id":10902,"href":"https:\/\/moeckernkiez-ev.de\/Wordpress_MK\/wp-json\/wp\/v2\/posts\/10896\/revisions\/10902"}],"wp:attachment":[{"href":"https:\/\/moeckernkiez-ev.de\/Wordpress_MK\/wp-json\/wp\/v2\/media?parent=10896"}],"wp:term":[{"taxonomy":"category","embeddable":true,"href":"https:\/\/moeckernkiez-ev.de\/Wordpress_MK\/wp-json\/wp\/v2\/categories?post=10896"},{"taxonomy":"post_tag","embeddable":true,"href":"https:\/\/moeckernkiez-ev.de\/Wordpress_MK\/wp-json\/wp\/v2\/tags?post=10896"}],"curies":[{"name":"wp","href":"https:\/\/api.w.org\/{rel}","templated":true}]}}