{"id":10906,"date":"2026-04-27T16:09:21","date_gmt":"2026-04-27T14:09:21","guid":{"rendered":"https:\/\/moeckernkiez-ev.de\/Wordpress_MK\/?p=10906"},"modified":"2026-04-27T17:44:02","modified_gmt":"2026-04-27T15:44:02","slug":"dut-am-3-5-von-14-18-uhr-mal-an-der-spree","status":"publish","type":"post","link":"https:\/\/moeckernkiez-ev.de\/Wordpress_MK\/2026\/04\/27\/dut-am-3-5-von-14-18-uhr-mal-an-der-spree\/","title":{"rendered":"DUT am 3.5. von 14 &#8211; 18 Uhr mal an der Spree&#8230;"},"content":{"rendered":"\n<p>Das Linux Team des M\u00f6ckernkiez e.V. ist zum DI.Day im Zuge der Amtshilfe dieses Mal in der Rungestrasse 20 auf Station in der C-Base.<\/p>\n\n\n\n<p><a href=\"https:\/\/termine.di.day\/events\/0f47895d-0c2c-4e66-a07c-6df51bfa2637\">D-Day in der C-Base, Rungestrasse 20 in Berlin<\/a><\/p>\n\n\n\n<p>Wer den Hackerspace noch nicht kennt, und alle anderen auch, sind herzlich in die <a href=\"https:\/\/www.c-base.org\/cv50f\/\">c-base<\/a> eingeladen.<br>Es werden \u00fcber 20\u00b0C erwartet und eine gut ausgestattet Bar, so ein Barbot in Diensten ist, ist verf\u00fcgbar um eine abendliche &#8218;Kaltschale&#8216; oder ein sonstiges Kultgetr\u00e4nk an der Jannowitzbr\u00fccke zu geniessen.<br><\/p>\n\n\n\n<p><\/p>\n","protected":false},"excerpt":{"rendered":"<p>Das Linux Team des M\u00f6ckernkiez e.V. ist zum DI.Day im Zuge der Amtshilfe dieses Mal in der Rungestrasse 20 auf Station in der C-Base. D-Day in der C-Base, Rungestrasse 20 in Berlin Wer den Hackerspace noch nicht kennt, und alle anderen auch, sind herzlich in die c-base eingeladen.Es werden \u00fcber 20\u00b0C erwartet und eine gut &#8230; <\/p>\n<p class=\"read-more-container\"><a title=\"DUT am 3.5. von 14 &#8211; 18 Uhr mal an der Spree&#8230;\" class=\"read-more button\" href=\"https:\/\/moeckernkiez-ev.de\/Wordpress_MK\/2026\/04\/27\/dut-am-3-5-von-14-18-uhr-mal-an-der-spree\/#more-10906\" aria-label=\"Mehr Informationen \u00fcber DUT am 3.5. von 14 &#8211; 18 Uhr mal an der Spree&#8230;\">Beitrag lesen<\/a><\/p>\n","protected":false},"author":14,"featured_media":0,"comment_status":"closed","ping_status":"open","sticky":false,"template":"","format":"standard","meta":{"footnotes":""},"categories":[58,4],"tags":[],"class_list":["post-10906","post","type-post","status-publish","format-standard","hentry","category-austausch","category-veranstaltung"],"publishpress_future_action":{"enabled":false,"date":"2026-05-04 19:23:52","action":"change-status","newStatus":"draft","terms":[],"taxonomy":"category","extraData":[]},"publishpress_future_workflow_manual_trigger":{"enabledWorkflows":[]},"_links":{"self":[{"href":"https:\/\/moeckernkiez-ev.de\/Wordpress_MK\/wp-json\/wp\/v2\/posts\/10906","targetHints":{"allow":["GET"]}}],"collection":[{"href":"https:\/\/moeckernkiez-ev.de\/Wordpress_MK\/wp-json\/wp\/v2\/posts"}],"about":[{"href":"https:\/\/moeckernkiez-ev.de\/Wordpress_MK\/wp-json\/wp\/v2\/types\/post"}],"author":[{"embeddable":true,"href":"https:\/\/moeckernkiez-ev.de\/Wordpress_MK\/wp-json\/wp\/v2\/users\/14"}],"replies":[{"embeddable":true,"href":"https:\/\/moeckernkiez-ev.de\/Wordpress_MK\/wp-json\/wp\/v2\/comments?post=10906"}],"version-history":[{"count":4,"href":"https:\/\/moeckernkiez-ev.de\/Wordpress_MK\/wp-json\/wp\/v2\/posts\/10906\/revisions"}],"predecessor-version":[{"id":10930,"href":"https:\/\/moeckernkiez-ev.de\/Wordpress_MK\/wp-json\/wp\/v2\/posts\/10906\/revisions\/10930"}],"wp:attachment":[{"href":"https:\/\/moeckernkiez-ev.de\/Wordpress_MK\/wp-json\/wp\/v2\/media?parent=10906"}],"wp:term":[{"taxonomy":"category","embeddable":true,"href":"https:\/\/moeckernkiez-ev.de\/Wordpress_MK\/wp-json\/wp\/v2\/categories?post=10906"},{"taxonomy":"post_tag","embeddable":true,"href":"https:\/\/moeckernkiez-ev.de\/Wordpress_MK\/wp-json\/wp\/v2\/tags?post=10906"}],"curies":[{"name":"wp","href":"https:\/\/api.w.org\/{rel}","templated":true}]}}