{"id":10923,"date":"2026-04-28T21:36:00","date_gmt":"2026-04-28T19:36:00","guid":{"rendered":"https:\/\/moeckernkiez-ev.de\/Wordpress_MK\/?p=10923"},"modified":"2026-04-28T19:12:12","modified_gmt":"2026-04-28T17:12:12","slug":"save-the-date-vortrag-rechtsextreme-frauen","status":"publish","type":"post","link":"https:\/\/moeckernkiez-ev.de\/Wordpress_MK\/2026\/04\/28\/save-the-date-vortrag-rechtsextreme-frauen\/","title":{"rendered":"Save the Date: Vortrag von Prof Dr. Esther Lehnert &#8222;Rechtsextreme Frauen&#8220;"},"content":{"rendered":"\n<p>von Esther Lehnert<\/p>\n\n\n\n<pre class=\"wp-block-preformatted\"><br><br>Der Vortrag im Forum des Treffpunktes am 26.06.26 um 18.00 tr\u00e4gt den Titel: \"Rechtsextreme Frauen - Von Tradewifes, Politikerinnen und Terroristinnen\".<\/pre>\n\n\n\n<p>Ungeachtet der Tatsache, dass rechtsextreme Frauen eine gro\u00dfe Rolle in Deutschland und international spielen (Alice Weidel, Georgia Melonie, Marine Le Pen\u2026) werden sie immer noch und immer wieder \u00fcbersehen und untersch\u00e4tzt. Woran liegt das? Wie k\u00f6nnen wir sie erkennen? Der Vortrag gibt einen \u00dcberblick \u00fcber die sehr unterschiedlichen Rollen von M\u00e4dchen und Frauen in der extremen Rechten, beschreibt das Ph\u00e4nomen der &#8222;doppelten Unsichtbarkeit&#8220; und kl\u00e4rt \u00fcber &#8222;weibliche&#8220; Strategien im Rechtsextremismus auf.<\/p>\n\n\n\n<p>Referentin: Prof. Dr. Esther Lehnert von der Alice Salomon Hochschule<\/p>\n\n\n\n<p>Nach der Veranstaltung ist Gelegenheit zu einem Glas Wein oder anderen Drinks im M\u00f6ca.<\/p>\n\n\n\n<p>Treffpunkt M\u00f6ckernkiez, M\u00f6ckernkiez 2, 10963 Berlin<\/p>\n\n\n\n<p><\/p>\n","protected":false},"excerpt":{"rendered":"<p>von Esther Lehnert Der Vortrag im Forum des Treffpunktes am 26.06.26 um 18.00 tr\u00e4gt den Titel: &#8222;Rechtsextreme Frauen &#8211; Von Tradewifes, Politikerinnen und Terroristinnen&#8220;. Ungeachtet der Tatsache, dass rechtsextreme Frauen eine gro\u00dfe Rolle in Deutschland und international spielen (Alice Weidel, Georgia Melonie, Marine Le Pen\u2026) werden sie immer noch und immer wieder \u00fcbersehen und untersch\u00e4tzt. &#8230; <\/p>\n<p class=\"read-more-container\"><a title=\"Save the Date: Vortrag von Prof Dr. Esther Lehnert &#8222;Rechtsextreme Frauen&#8220;\" class=\"read-more button\" href=\"https:\/\/moeckernkiez-ev.de\/Wordpress_MK\/2026\/04\/28\/save-the-date-vortrag-rechtsextreme-frauen\/#more-10923\" aria-label=\"Mehr Informationen \u00fcber Save the Date: Vortrag von Prof Dr. Esther Lehnert &#8222;Rechtsextreme Frauen&#8220;\">Beitrag lesen<\/a><\/p>\n","protected":false},"author":6,"featured_media":0,"comment_status":"closed","ping_status":"open","sticky":false,"template":"","format":"standard","meta":{"footnotes":""},"categories":[1,64,4,63],"tags":[],"class_list":["post-10923","post","type-post","status-publish","format-standard","hentry","category-allgemein","category-politik","category-veranstaltung","category-vortrag"],"publishpress_future_action":{"enabled":false,"date":"2026-05-06 00:19:15","action":"change-status","newStatus":"draft","terms":[],"taxonomy":"category","extraData":[]},"publishpress_future_workflow_manual_trigger":{"enabledWorkflows":[]},"_links":{"self":[{"href":"https:\/\/moeckernkiez-ev.de\/Wordpress_MK\/wp-json\/wp\/v2\/posts\/10923","targetHints":{"allow":["GET"]}}],"collection":[{"href":"https:\/\/moeckernkiez-ev.de\/Wordpress_MK\/wp-json\/wp\/v2\/posts"}],"about":[{"href":"https:\/\/moeckernkiez-ev.de\/Wordpress_MK\/wp-json\/wp\/v2\/types\/post"}],"author":[{"embeddable":true,"href":"https:\/\/moeckernkiez-ev.de\/Wordpress_MK\/wp-json\/wp\/v2\/users\/6"}],"replies":[{"embeddable":true,"href":"https:\/\/moeckernkiez-ev.de\/Wordpress_MK\/wp-json\/wp\/v2\/comments?post=10923"}],"version-history":[{"count":8,"href":"https:\/\/moeckernkiez-ev.de\/Wordpress_MK\/wp-json\/wp\/v2\/posts\/10923\/revisions"}],"predecessor-version":[{"id":10946,"href":"https:\/\/moeckernkiez-ev.de\/Wordpress_MK\/wp-json\/wp\/v2\/posts\/10923\/revisions\/10946"}],"wp:attachment":[{"href":"https:\/\/moeckernkiez-ev.de\/Wordpress_MK\/wp-json\/wp\/v2\/media?parent=10923"}],"wp:term":[{"taxonomy":"category","embeddable":true,"href":"https:\/\/moeckernkiez-ev.de\/Wordpress_MK\/wp-json\/wp\/v2\/categories?post=10923"},{"taxonomy":"post_tag","embeddable":true,"href":"https:\/\/moeckernkiez-ev.de\/Wordpress_MK\/wp-json\/wp\/v2\/tags?post=10923"}],"curies":[{"name":"wp","href":"https:\/\/api.w.org\/{rel}","templated":true}]}}