{"id":10934,"date":"2026-04-30T10:33:00","date_gmt":"2026-04-30T08:33:00","guid":{"rendered":"https:\/\/moeckernkiez-ev.de\/Wordpress_MK\/?p=10934"},"modified":"2026-04-29T10:45:37","modified_gmt":"2026-04-29T08:45:37","slug":"gespraechskreis-pflege-aus-der-ferne","status":"publish","type":"post","link":"https:\/\/moeckernkiez-ev.de\/Wordpress_MK\/2026\/04\/30\/gespraechskreis-pflege-aus-der-ferne\/","title":{"rendered":"Gespr\u00e4chskreis \u201ePflege aus der Ferne\u201c"},"content":{"rendered":"\n<p><strong>Als AG Nachbarschaftshilfe&nbsp; im M\u00f6ckernkiez freuen wir uns, dass es demn\u00e4chst ein Angebot f\u00fcr pflegende Angeh\u00f6rige \u2013 speziell&nbsp; zum Thema \u201ePflege aus der Ferne\u201c geben wird. Wir wissen, dass etliche Personen im M\u00f6ckernkiez von diesen Fragen und Problemen betroffen sind. Vielleicht bietet dieser Kreis&nbsp; f\u00fcr manche einen guten neuen \u201eOrt\u201c, denn dieser Kreis ist auch offen f\u00fcr neue Interessierte.<\/strong><\/p>\n\n\n\n<p><strong>Gespr\u00e4chskreis \u201ePflege aus der Ferne\u201c | ab Mai 2026 in den R\u00e4umen des &nbsp;M\u00f6ckernkiez e.V.<\/strong><\/p>\n\n\n\n<p>Viele Menschen unterst\u00fctzen pflegebed\u00fcrftige Eltern oder andere Angeh\u00f6rige, die nicht in Berlin oder der n\u00e4heren Umgebung leben. Diese Distanz stellt sie vor besondere organisatorische und emotionale Herausforderungen.<\/p>\n\n\n\n<p>Der Gespr\u00e4chskreis \u201ePflege in der Ferne\u201c bietet einen gesch\u00fctzten Raum f\u00fcr Austausch, Orientierung und gegenseitige Unterst\u00fctzung. Hier k\u00f6nnen Erfahrungen geteilt, Fragen gekl\u00e4rt und neue, tragf\u00e4hige Wege im Umgang mit der Situation entwickelt werden.<\/p>\n\n\n\n<p>Die Gruppe ist eine Initiative der Kontaktstelle Pflege-Engagement der VOLKSSOLIDARIT\u00c4T Berlin. Das Angebot ist kostenlos. <strong>Aktuell gibt es noch freie Pl\u00e4tze \u2013 neue Teilnehmer*innen sind willkommen!<\/strong><\/p>\n\n\n\n<p>Geleitet wird die Gruppe ehrenamtlich von Benedikt Nordmann. Er arbeitet seit mehr als 20 Jahren als F\u00fchrungskraft in der Medienbranche und ist zertifizierter Coach (EASC). Mit seinen beiden Kindern lebt er in unmittelbarer N\u00e4he zum M\u00f6ckernkiez.<\/p>\n\n\n\n<p><strong>Zeit:&nbsp;&nbsp;&nbsp;&nbsp;&nbsp;&nbsp;&nbsp;&nbsp;&nbsp;&nbsp;&nbsp;&nbsp;&nbsp;&nbsp;&nbsp;&nbsp;&nbsp;&nbsp;&nbsp;&nbsp;&nbsp; <\/strong>Jeden 3. Mittwoch im Monat, 18:00 \u201319:30 Uhr<\/p>\n\n\n\n<p><strong>Ort:&nbsp;&nbsp;&nbsp;&nbsp;&nbsp;&nbsp;&nbsp;&nbsp;&nbsp;&nbsp;&nbsp;&nbsp;&nbsp;&nbsp;&nbsp;&nbsp;&nbsp;&nbsp;&nbsp;&nbsp;&nbsp;&nbsp; <\/strong>M\u00f6ckernkiez 2, Im Treffpunkt, Besprechungsraum<\/p>\n\n\n\n<p><strong>E-Mail: &nbsp;&nbsp;&nbsp;&nbsp;&nbsp;&nbsp;&nbsp;&nbsp;&nbsp;&nbsp;&nbsp;&nbsp;&nbsp;&nbsp;&nbsp; <\/strong><a href=\"mailto:kpe@volkssolidaritaet.de\">kpe@volkssolidaritaet.de<\/a><strong><\/strong><\/p>\n\n\n\n<p><strong>Telefon:&nbsp;&nbsp;&nbsp;&nbsp;&nbsp;&nbsp;&nbsp;&nbsp;&nbsp;&nbsp;&nbsp;&nbsp; <\/strong>030 &#8211; 40 3666 1125<strong><\/strong><\/p>\n\n\n\n<p><strong>Teilnahme nur nach vorheriger Anmeldung.<\/strong><\/p>\n","protected":false},"excerpt":{"rendered":"<p>Als AG Nachbarschaftshilfe&nbsp; im M\u00f6ckernkiez freuen wir uns, dass es demn\u00e4chst ein Angebot f\u00fcr pflegende Angeh\u00f6rige \u2013 speziell&nbsp; zum Thema \u201ePflege aus der Ferne\u201c geben wird. Wir wissen, dass etliche Personen im M\u00f6ckernkiez von diesen Fragen und Problemen betroffen sind. Vielleicht bietet dieser Kreis&nbsp; f\u00fcr manche einen guten neuen \u201eOrt\u201c, denn dieser Kreis ist auch &#8230; <\/p>\n<p class=\"read-more-container\"><a title=\"Gespr\u00e4chskreis \u201ePflege aus der Ferne\u201c\" class=\"read-more button\" href=\"https:\/\/moeckernkiez-ev.de\/Wordpress_MK\/2026\/04\/30\/gespraechskreis-pflege-aus-der-ferne\/#more-10934\" aria-label=\"Mehr Informationen \u00fcber Gespr\u00e4chskreis \u201ePflege aus der Ferne\u201c\">Beitrag lesen<\/a><\/p>\n","protected":false},"author":6,"featured_media":10935,"comment_status":"closed","ping_status":"open","sticky":false,"template":"","format":"standard","meta":{"footnotes":""},"categories":[1],"tags":[],"class_list":["post-10934","post","type-post","status-publish","format-standard","has-post-thumbnail","hentry","category-allgemein"],"publishpress_future_action":{"enabled":false,"date":"2026-05-07 13:42:44","action":"change-status","newStatus":"draft","terms":[],"taxonomy":"category","extraData":[]},"publishpress_future_workflow_manual_trigger":{"enabledWorkflows":[]},"_links":{"self":[{"href":"https:\/\/moeckernkiez-ev.de\/Wordpress_MK\/wp-json\/wp\/v2\/posts\/10934","targetHints":{"allow":["GET"]}}],"collection":[{"href":"https:\/\/moeckernkiez-ev.de\/Wordpress_MK\/wp-json\/wp\/v2\/posts"}],"about":[{"href":"https:\/\/moeckernkiez-ev.de\/Wordpress_MK\/wp-json\/wp\/v2\/types\/post"}],"author":[{"embeddable":true,"href":"https:\/\/moeckernkiez-ev.de\/Wordpress_MK\/wp-json\/wp\/v2\/users\/6"}],"replies":[{"embeddable":true,"href":"https:\/\/moeckernkiez-ev.de\/Wordpress_MK\/wp-json\/wp\/v2\/comments?post=10934"}],"version-history":[{"count":2,"href":"https:\/\/moeckernkiez-ev.de\/Wordpress_MK\/wp-json\/wp\/v2\/posts\/10934\/revisions"}],"predecessor-version":[{"id":10937,"href":"https:\/\/moeckernkiez-ev.de\/Wordpress_MK\/wp-json\/wp\/v2\/posts\/10934\/revisions\/10937"}],"wp:featuredmedia":[{"embeddable":true,"href":"https:\/\/moeckernkiez-ev.de\/Wordpress_MK\/wp-json\/wp\/v2\/media\/10935"}],"wp:attachment":[{"href":"https:\/\/moeckernkiez-ev.de\/Wordpress_MK\/wp-json\/wp\/v2\/media?parent=10934"}],"wp:term":[{"taxonomy":"category","embeddable":true,"href":"https:\/\/moeckernkiez-ev.de\/Wordpress_MK\/wp-json\/wp\/v2\/categories?post=10934"},{"taxonomy":"post_tag","embeddable":true,"href":"https:\/\/moeckernkiez-ev.de\/Wordpress_MK\/wp-json\/wp\/v2\/tags?post=10934"}],"curies":[{"name":"wp","href":"https:\/\/api.w.org\/{rel}","templated":true}]}}