{"id":10958,"date":"2026-04-29T10:46:45","date_gmt":"2026-04-29T08:46:45","guid":{"rendered":"https:\/\/moeckernkiez-ev.de\/Wordpress_MK\/?p=10958"},"modified":"2026-04-29T10:46:45","modified_gmt":"2026-04-29T08:46:45","slug":"midisage-selbstportraet-einer-vierjaehrigen-mit-ihrem-bruder-johann-behrens","status":"publish","type":"post","link":"https:\/\/moeckernkiez-ev.de\/Wordpress_MK\/2026\/04\/29\/midisage-selbstportraet-einer-vierjaehrigen-mit-ihrem-bruder-johann-behrens\/","title":{"rendered":"Midisage: Selbstportr\u00e4t einer Vierj\u00e4hrigen mit ihrem Bruder\/ Johann Behrens"},"content":{"rendered":"\n<h4 class=\"wp-block-heading\">Johann Behrens<br>40 Variationen auf das Selbstportrait<br>einer Vierj\u00e4hrigen mit ihrem Bruder<br>Ausstellung vom 31. M\u00e4rz bis 10. Mai 2026<br>im Treffpunkt M\u00f6ckernkiez, Yorckstr. 2 in 10963 Berlin-Kreuzberg,<br>t\u00e4glich au\u00dfer montags von 15 \u2013 18 Uhr<br>Bus M 19 bis \u201eKatzbachstra\u00dfe\u201c, S 1,2,25 und 26 bis \u201eYorckstra\u00dfe\u201c<br><strong>Midisage Freitag, 1. Mai 2026 19 Uhr<\/strong><\/h4>\n\n\n\n<p><\/p>\n","protected":false},"excerpt":{"rendered":"<p>Johann Behrens40 Variationen auf das Selbstportraiteiner Vierj\u00e4hrigen mit ihrem BruderAusstellung vom 31. M\u00e4rz bis 10. Mai 2026im Treffpunkt M\u00f6ckernkiez, Yorckstr. 2 in 10963 Berlin-Kreuzberg,t\u00e4glich au\u00dfer montags von 15 \u2013 18 UhrBus M 19 bis \u201eKatzbachstra\u00dfe\u201c, S 1,2,25 und 26 bis \u201eYorckstra\u00dfe\u201cMidisage Freitag, 1. Mai 2026 19 Uhr<\/p>\n","protected":false},"author":6,"featured_media":10957,"comment_status":"closed","ping_status":"open","sticky":false,"template":"","format":"standard","meta":{"footnotes":""},"categories":[1],"tags":[],"class_list":["post-10958","post","type-post","status-publish","format-standard","has-post-thumbnail","hentry","category-allgemein"],"publishpress_future_action":{"enabled":false,"date":"2026-05-06 13:48:39","action":"change-status","newStatus":"draft","terms":[],"taxonomy":"category","extraData":[]},"publishpress_future_workflow_manual_trigger":{"enabledWorkflows":[]},"_links":{"self":[{"href":"https:\/\/moeckernkiez-ev.de\/Wordpress_MK\/wp-json\/wp\/v2\/posts\/10958","targetHints":{"allow":["GET"]}}],"collection":[{"href":"https:\/\/moeckernkiez-ev.de\/Wordpress_MK\/wp-json\/wp\/v2\/posts"}],"about":[{"href":"https:\/\/moeckernkiez-ev.de\/Wordpress_MK\/wp-json\/wp\/v2\/types\/post"}],"author":[{"embeddable":true,"href":"https:\/\/moeckernkiez-ev.de\/Wordpress_MK\/wp-json\/wp\/v2\/users\/6"}],"replies":[{"embeddable":true,"href":"https:\/\/moeckernkiez-ev.de\/Wordpress_MK\/wp-json\/wp\/v2\/comments?post=10958"}],"version-history":[{"count":1,"href":"https:\/\/moeckernkiez-ev.de\/Wordpress_MK\/wp-json\/wp\/v2\/posts\/10958\/revisions"}],"predecessor-version":[{"id":10959,"href":"https:\/\/moeckernkiez-ev.de\/Wordpress_MK\/wp-json\/wp\/v2\/posts\/10958\/revisions\/10959"}],"wp:featuredmedia":[{"embeddable":true,"href":"https:\/\/moeckernkiez-ev.de\/Wordpress_MK\/wp-json\/wp\/v2\/media\/10957"}],"wp:attachment":[{"href":"https:\/\/moeckernkiez-ev.de\/Wordpress_MK\/wp-json\/wp\/v2\/media?parent=10958"}],"wp:term":[{"taxonomy":"category","embeddable":true,"href":"https:\/\/moeckernkiez-ev.de\/Wordpress_MK\/wp-json\/wp\/v2\/categories?post=10958"},{"taxonomy":"post_tag","embeddable":true,"href":"https:\/\/moeckernkiez-ev.de\/Wordpress_MK\/wp-json\/wp\/v2\/tags?post=10958"}],"curies":[{"name":"wp","href":"https:\/\/api.w.org\/{rel}","templated":true}]}}