{"id":10966,"date":"2026-05-01T10:04:00","date_gmt":"2026-05-01T08:04:00","guid":{"rendered":"https:\/\/moeckernkiez-ev.de\/Wordpress_MK\/?p=10966"},"modified":"2026-05-01T11:08:44","modified_gmt":"2026-05-01T09:08:44","slug":"vortrag-utopisches-erinnern-die-gruppe-eva-mamlok","status":"publish","type":"post","link":"https:\/\/moeckernkiez-ev.de\/Wordpress_MK\/2026\/05\/01\/vortrag-utopisches-erinnern-die-gruppe-eva-mamlok\/","title":{"rendered":"Vortrag: Utopisches Erinnern &#8211; Die Gruppe Eva Mamlok"},"content":{"rendered":"\n<p>Anl\u00e4sslich des Jahrestags der B\u00fccherverbrennung am 10. Mai 1933 sowie der geplanten Umbenennung des Bl\u00fccherplatzes in Eva-Mamlok-Platz erinnern das Recherche-Netzwerk <em>Gruppe Eva Mamlok<\/em> und die Initiative <em>UpStadt e. V.<\/em> an den Mut junger Frauen im Kampf gegen den Faschismus. <\/p>\n\n\n\n<p>Die Berliner Kulturwissenschaftlerin Alexandra Weltz-Rombach hat, gemeinsam mit einem Netzwerk von Forschenden, die Geschichte von Eva Mamlok recherchiert, historische Dokumente, Bilder, Videomaterial und Zeitzeugnisse versammelt und 2024 <a href=\"https:\/\/www.fhxb-museum.de\/news-detail\/gruppe-eva-mamlok-widerstandsgeschichten\" target=\"_blank\" rel=\"noreferrer noopener\">im Museum FHXB eine Ausstellung<\/a> dazu kuratiert. Am 10. Mai wird sie ihre Arbeit in der ZLB mit einem Vortrag vorstellen.<\/p>\n\n\n\n<p>So, 10.05.2026, 14.00 \u2013 16.00 Uhr<\/p>\n\n\n\n<p>ZLB Amerika-Gedenkbibliothek | PopUp Saal, Bl\u00fccherplatz 1, 10961 Berlin<\/p>\n","protected":false},"excerpt":{"rendered":"<p>Anl\u00e4sslich des Jahrestags der B\u00fccherverbrennung am 10. Mai 1933 sowie der geplanten Umbenennung des Bl\u00fccherplatzes in Eva-Mamlok-Platz erinnern das Recherche-Netzwerk Gruppe Eva Mamlok und die Initiative UpStadt e. V. an den Mut junger Frauen im Kampf gegen den Faschismus. Die Berliner Kulturwissenschaftlerin Alexandra Weltz-Rombach hat, gemeinsam mit einem Netzwerk von Forschenden, die Geschichte von Eva &#8230; <\/p>\n<p class=\"read-more-container\"><a title=\"Vortrag: Utopisches Erinnern &#8211; Die Gruppe Eva Mamlok\" class=\"read-more button\" href=\"https:\/\/moeckernkiez-ev.de\/Wordpress_MK\/2026\/05\/01\/vortrag-utopisches-erinnern-die-gruppe-eva-mamlok\/#more-10966\" aria-label=\"Mehr Informationen \u00fcber Vortrag: Utopisches Erinnern &#8211; Die Gruppe Eva Mamlok\">Beitrag lesen<\/a><\/p>\n","protected":false},"author":6,"featured_media":10974,"comment_status":"closed","ping_status":"open","sticky":false,"template":"","format":"standard","meta":{"footnotes":""},"categories":[1],"tags":[],"class_list":["post-10966","post","type-post","status-publish","format-standard","has-post-thumbnail","hentry","category-allgemein"],"publishpress_future_action":{"enabled":false,"date":"2026-05-08 13:20:20","action":"change-status","newStatus":"draft","terms":[],"taxonomy":"category","extraData":[]},"publishpress_future_workflow_manual_trigger":{"enabledWorkflows":[]},"_links":{"self":[{"href":"https:\/\/moeckernkiez-ev.de\/Wordpress_MK\/wp-json\/wp\/v2\/posts\/10966","targetHints":{"allow":["GET"]}}],"collection":[{"href":"https:\/\/moeckernkiez-ev.de\/Wordpress_MK\/wp-json\/wp\/v2\/posts"}],"about":[{"href":"https:\/\/moeckernkiez-ev.de\/Wordpress_MK\/wp-json\/wp\/v2\/types\/post"}],"author":[{"embeddable":true,"href":"https:\/\/moeckernkiez-ev.de\/Wordpress_MK\/wp-json\/wp\/v2\/users\/6"}],"replies":[{"embeddable":true,"href":"https:\/\/moeckernkiez-ev.de\/Wordpress_MK\/wp-json\/wp\/v2\/comments?post=10966"}],"version-history":[{"count":1,"href":"https:\/\/moeckernkiez-ev.de\/Wordpress_MK\/wp-json\/wp\/v2\/posts\/10966\/revisions"}],"predecessor-version":[{"id":10967,"href":"https:\/\/moeckernkiez-ev.de\/Wordpress_MK\/wp-json\/wp\/v2\/posts\/10966\/revisions\/10967"}],"wp:featuredmedia":[{"embeddable":true,"href":"https:\/\/moeckernkiez-ev.de\/Wordpress_MK\/wp-json\/wp\/v2\/media\/10974"}],"wp:attachment":[{"href":"https:\/\/moeckernkiez-ev.de\/Wordpress_MK\/wp-json\/wp\/v2\/media?parent=10966"}],"wp:term":[{"taxonomy":"category","embeddable":true,"href":"https:\/\/moeckernkiez-ev.de\/Wordpress_MK\/wp-json\/wp\/v2\/categories?post=10966"},{"taxonomy":"post_tag","embeddable":true,"href":"https:\/\/moeckernkiez-ev.de\/Wordpress_MK\/wp-json\/wp\/v2\/tags?post=10966"}],"curies":[{"name":"wp","href":"https:\/\/api.w.org\/{rel}","templated":true}]}}