{"id":11569,"date":"2026-07-25T12:20:27","date_gmt":"2026-07-25T10:20:27","guid":{"rendered":"https:\/\/moeckernkiez-ev.de\/Wordpress_MK\/?p=11569"},"modified":"2026-08-22T15:35:11","modified_gmt":"2026-08-22T13:35:11","slug":"pat-carter-enrico-francese-spielen-country-crooning-folk-pickingfingerstyleslide-blues-and-roots-virtuoso-am-16-august-2026-auf-dem-kiezplatz","status":"publish","type":"post","link":"https:\/\/moeckernkiez-ev.de\/Wordpress_MK\/2026\/07\/25\/pat-carter-enrico-francese-spielen-country-crooning-folk-pickingfingerstyleslide-blues-and-roots-virtuoso-am-16-august-2026-auf-dem-kiezplatz\/","title":{"rendered":"Pat Carter &amp; Enrico Francese spielen Country-crooning, Folk-picking, Fingerstyle&amp;Slide, Blues and Roots Virtuoso am 16. August 2026 auf dem Kiezplatz"},"content":{"rendered":"\n<p class=\"has-text-align-left wp-block-paragraph\">&#8222;\/&#8220;Country und Americana band Rodeo FM hat hundert Konzerte zwischen Marseille, Stockholm, Belfast und Charkiv gespielt. Carter wurde als Songwriter mit Tom Petty, Oliver Wood, und Jim Croce verglichen, man h\u00f6rt bei Carters Auftritten aber auch immer Echos aus den 90ern, von Howe Gelb \u00fcber J Mascisbis Uncle Tupelo. Nach vier Alben mit Rodeo FM ver\u00f6ffentlichte Carter 2025 sein hochgelobtes Debut-Soloalbum \u201eLove in theTime ofCapitalism\u201c. Im September ist Carter wieder auf Tour in Deutschand und der Schweiz. Begleitet wird er dabei von Enrico Francese, Gitarrist und Weissenborn-Virtuose. Enricos Stil verbindet Fingerstyle, Slide-Gitarre, Blues, Folk und Roots-Musik. Zu seinen wichtigstenEinfl\u00fcssen z\u00e4hlen David Lindley, Bob Brozman, J.J. Cale, Mark Knopfler und James Taylor. Enrico war in Schottland Mitglied des Ha Orchestra, einem Ensemble f\u00fcr zeitgen\u00f6ssische afrikanische Musik. In Kanada vertiefte er seine Kenntnisse der afrikanischen Wurzeln des Blues bei dem dreifach Grammy-nominierten Singer-Songwriter Eric Bibb.<br>Eintritt frei &#8211; Spende erbeten<\/p>\n\n\n\n<figure class=\"wp-block-image size-large\"><img loading=\"lazy\" decoding=\"async\" width=\"768\" height=\"1024\" src=\"https:\/\/moeckernkiez-ev.de\/Wordpress_MK\/wp-content\/uploads\/2026\/07\/IMG20260721182801-768x1024.jpg\" alt=\"\" class=\"wp-image-11550\" srcset=\"https:\/\/moeckernkiez-ev.de\/Wordpress_MK\/wp-content\/uploads\/2026\/07\/IMG20260721182801-768x1024.jpg 768w, https:\/\/moeckernkiez-ev.de\/Wordpress_MK\/wp-content\/uploads\/2026\/07\/IMG20260721182801-225x300.jpg 225w, https:\/\/moeckernkiez-ev.de\/Wordpress_MK\/wp-content\/uploads\/2026\/07\/IMG20260721182801-1152x1536.jpg 1152w, https:\/\/moeckernkiez-ev.de\/Wordpress_MK\/wp-content\/uploads\/2026\/07\/IMG20260721182801-1536x2048.jpg 1536w, https:\/\/moeckernkiez-ev.de\/Wordpress_MK\/wp-content\/uploads\/2026\/07\/IMG20260721182801-1320x1760.jpg 1320w, https:\/\/moeckernkiez-ev.de\/Wordpress_MK\/wp-content\/uploads\/2026\/07\/IMG20260721182801.jpg 1695w\" sizes=\"auto, (max-width: 768px) 100vw, 768px\" \/><\/figure>\n","protected":false},"excerpt":{"rendered":"<p>&#8222;\/&#8220;Country und Americana band Rodeo FM hat hundert Konzerte zwischen Marseille, Stockholm, Belfast und Charkiv gespielt. Carter wurde als Songwriter mit Tom Petty, Oliver Wood, und Jim Croce verglichen, man h\u00f6rt bei Carters Auftritten aber auch immer Echos aus den 90ern, von Howe Gelb \u00fcber J Mascisbis Uncle Tupelo. Nach vier Alben mit Rodeo FM &#8230; <\/p>\n<p class=\"read-more-container\"><a title=\"Pat Carter &amp; Enrico Francese spielen Country-crooning, Folk-picking, Fingerstyle&amp;Slide, Blues and Roots Virtuoso am 16. August 2026 auf dem Kiezplatz\" class=\"read-more button\" href=\"https:\/\/moeckernkiez-ev.de\/Wordpress_MK\/2026\/07\/25\/pat-carter-enrico-francese-spielen-country-crooning-folk-pickingfingerstyleslide-blues-and-roots-virtuoso-am-16-august-2026-auf-dem-kiezplatz\/#more-11569\" aria-label=\"Mehr Informationen \u00fcber Pat Carter &amp; Enrico Francese spielen Country-crooning, Folk-picking, Fingerstyle&amp;Slide, Blues and Roots Virtuoso am 16. August 2026 auf dem Kiezplatz\">Beitrag lesen<\/a><\/p>\n","protected":false},"author":16,"featured_media":11550,"comment_status":"closed","ping_status":"open","sticky":false,"template":"","format":"standard","meta":{"footnotes":""},"categories":[86,73,81,4],"tags":[],"class_list":["post-11569","post","type-post","status-publish","format-standard","has-post-thumbnail","hentry","category-archiv","category-konzert","category-kunst","category-veranstaltung"],"publishpress_future_action":{"enabled":false,"date":"2026-09-12 12:04:30","action":"change-status","newStatus":"draft","terms":[],"taxonomy":"category","extraData":[]},"publishpress_future_workflow_manual_trigger":{"enabledWorkflows":[]},"_links":{"self":[{"href":"https:\/\/moeckernkiez-ev.de\/Wordpress_MK\/wp-json\/wp\/v2\/posts\/11569","targetHints":{"allow":["GET"]}}],"collection":[{"href":"https:\/\/moeckernkiez-ev.de\/Wordpress_MK\/wp-json\/wp\/v2\/posts"}],"about":[{"href":"https:\/\/moeckernkiez-ev.de\/Wordpress_MK\/wp-json\/wp\/v2\/types\/post"}],"author":[{"embeddable":true,"href":"https:\/\/moeckernkiez-ev.de\/Wordpress_MK\/wp-json\/wp\/v2\/users\/16"}],"replies":[{"embeddable":true,"href":"https:\/\/moeckernkiez-ev.de\/Wordpress_MK\/wp-json\/wp\/v2\/comments?post=11569"}],"version-history":[{"count":3,"href":"https:\/\/moeckernkiez-ev.de\/Wordpress_MK\/wp-json\/wp\/v2\/posts\/11569\/revisions"}],"predecessor-version":[{"id":11714,"href":"https:\/\/moeckernkiez-ev.de\/Wordpress_MK\/wp-json\/wp\/v2\/posts\/11569\/revisions\/11714"}],"wp:featuredmedia":[{"embeddable":true,"href":"https:\/\/moeckernkiez-ev.de\/Wordpress_MK\/wp-json\/wp\/v2\/media\/11550"}],"wp:attachment":[{"href":"https:\/\/moeckernkiez-ev.de\/Wordpress_MK\/wp-json\/wp\/v2\/media?parent=11569"}],"wp:term":[{"taxonomy":"category","embeddable":true,"href":"https:\/\/moeckernkiez-ev.de\/Wordpress_MK\/wp-json\/wp\/v2\/categories?post=11569"},{"taxonomy":"post_tag","embeddable":true,"href":"https:\/\/moeckernkiez-ev.de\/Wordpress_MK\/wp-json\/wp\/v2\/tags?post=11569"}],"curies":[{"name":"wp","href":"https:\/\/api.w.org\/{rel}","templated":true}]}}