{"id":11685,"date":"2026-08-14T19:46:48","date_gmt":"2026-08-14T17:46:48","guid":{"rendered":"https:\/\/moeckernkiez-ev.de\/Wordpress_MK\/?p=11685"},"modified":"2026-08-14T23:05:17","modified_gmt":"2026-08-14T21:05:17","slug":"sommer-tafel-am-montag-17-8-26","status":"publish","type":"post","link":"https:\/\/moeckernkiez-ev.de\/Wordpress_MK\/2026\/08\/14\/sommer-tafel-am-montag-17-8-26\/","title":{"rendered":"Sommer-Tafel am Montag 17.8.26"},"content":{"rendered":"\n<p class=\"wp-block-paragraph\">Stellt die St\u00fchle und die Tische raus, es wird getafelt!<\/p>\n\n\n\n<p class=\"wp-block-paragraph\"><br>Liebe Alle,<br>Wie auch in den letzten Sommer(ferie)n wollen wir die langen Tage nutzen, um gemeinsam bei Speis&#8216; und Trank auf der Kiezstra\u00dfe \u00fcber die Sommererlebnisse zu plaudern, den Abend zu genie\u00dfen, beisammen zu<br>sein.<br>Das hei\u00dft, wie immer seit 2019: jede\/r bringt ihr\/sein Abendessen nebst Tisch und Stuhl auf die Kiezstra\u00dfe.<br>Das Ganze findet am kommenden Montag (17.08.2026) ab 18h bei Wind und Wetter statt. Jede\/r entscheidet f\u00fcr sich, welches Wetter zu schlecht, zu kalt, zu warm f\u00fcr sie\/ihn ist um drau\u00dfen zu essen.<br>Kommt zahlreich, bringt Leute mit, denn je l\u00e4nger die Tafel sich \u00fcber die Kiezstra\u00dfe erstreckt, desto sch\u00f6ner, bunter und lustiger wird sie!<br><\/p>\n\n\n<div class=\"wp-block-image\">\n<figure class=\"aligncenter size-full is-resized\"><img loading=\"lazy\" decoding=\"async\" width=\"473\" height=\"640\" src=\"https:\/\/moeckernkiez-ev.de\/Wordpress_MK\/wp-content\/uploads\/2026\/08\/grafik.png\" alt=\"\" class=\"wp-image-11687\" style=\"width:606px;height:auto\" srcset=\"https:\/\/moeckernkiez-ev.de\/Wordpress_MK\/wp-content\/uploads\/2026\/08\/grafik.png 473w, https:\/\/moeckernkiez-ev.de\/Wordpress_MK\/wp-content\/uploads\/2026\/08\/grafik-222x300.png 222w\" sizes=\"auto, (max-width: 473px) 100vw, 473px\" \/><\/figure>\n<\/div>\n\n\n<p class=\"wp-block-paragraph\">Sommertafel 2025<\/p>\n","protected":false},"excerpt":{"rendered":"<p>Stellt die St\u00fchle und die Tische raus, es wird getafelt! Liebe Alle,Wie auch in den letzten Sommer(ferie)n wollen wir die langen Tage nutzen, um gemeinsam bei Speis&#8216; und Trank auf der Kiezstra\u00dfe \u00fcber die Sommererlebnisse zu plaudern, den Abend zu genie\u00dfen, beisammen zusein.Das hei\u00dft, wie immer seit 2019: jede\/r bringt ihr\/sein Abendessen nebst Tisch und &#8230; <\/p>\n<p class=\"read-more-container\"><a title=\"Sommer-Tafel am Montag 17.8.26\" class=\"read-more button\" href=\"https:\/\/moeckernkiez-ev.de\/Wordpress_MK\/2026\/08\/14\/sommer-tafel-am-montag-17-8-26\/#more-11685\" aria-label=\"Mehr Informationen \u00fcber Sommer-Tafel am Montag 17.8.26\">Beitrag lesen<\/a><\/p>\n","protected":false},"author":6,"featured_media":11687,"comment_status":"closed","ping_status":"open","sticky":false,"template":"","format":"standard","meta":{"footnotes":""},"categories":[58,4],"tags":[],"class_list":["post-11685","post","type-post","status-publish","format-standard","has-post-thumbnail","hentry","category-austausch","category-veranstaltung"],"publishpress_future_action":{"enabled":false,"date":"2026-09-12 00:29:21","action":"change-status","newStatus":"draft","terms":[],"taxonomy":"category","extraData":[]},"publishpress_future_workflow_manual_trigger":{"enabledWorkflows":[]},"_links":{"self":[{"href":"https:\/\/moeckernkiez-ev.de\/Wordpress_MK\/wp-json\/wp\/v2\/posts\/11685","targetHints":{"allow":["GET"]}}],"collection":[{"href":"https:\/\/moeckernkiez-ev.de\/Wordpress_MK\/wp-json\/wp\/v2\/posts"}],"about":[{"href":"https:\/\/moeckernkiez-ev.de\/Wordpress_MK\/wp-json\/wp\/v2\/types\/post"}],"author":[{"embeddable":true,"href":"https:\/\/moeckernkiez-ev.de\/Wordpress_MK\/wp-json\/wp\/v2\/users\/6"}],"replies":[{"embeddable":true,"href":"https:\/\/moeckernkiez-ev.de\/Wordpress_MK\/wp-json\/wp\/v2\/comments?post=11685"}],"version-history":[{"count":4,"href":"https:\/\/moeckernkiez-ev.de\/Wordpress_MK\/wp-json\/wp\/v2\/posts\/11685\/revisions"}],"predecessor-version":[{"id":11693,"href":"https:\/\/moeckernkiez-ev.de\/Wordpress_MK\/wp-json\/wp\/v2\/posts\/11685\/revisions\/11693"}],"wp:featuredmedia":[{"embeddable":true,"href":"https:\/\/moeckernkiez-ev.de\/Wordpress_MK\/wp-json\/wp\/v2\/media\/11687"}],"wp:attachment":[{"href":"https:\/\/moeckernkiez-ev.de\/Wordpress_MK\/wp-json\/wp\/v2\/media?parent=11685"}],"wp:term":[{"taxonomy":"category","embeddable":true,"href":"https:\/\/moeckernkiez-ev.de\/Wordpress_MK\/wp-json\/wp\/v2\/categories?post=11685"},{"taxonomy":"post_tag","embeddable":true,"href":"https:\/\/moeckernkiez-ev.de\/Wordpress_MK\/wp-json\/wp\/v2\/tags?post=11685"}],"curies":[{"name":"wp","href":"https:\/\/api.w.org\/{rel}","templated":true}]}}