{"id":11826,"date":"2026-09-04T12:13:00","date_gmt":"2026-09-04T10:13:00","guid":{"rendered":"https:\/\/moeckernkiez-ev.de\/Wordpress_MK\/?p=11826"},"modified":"2026-09-03T19:36:47","modified_gmt":"2026-09-03T17:36:47","slug":"deutsche-wohnen-co-enteignen","status":"publish","type":"post","link":"https:\/\/moeckernkiez-ev.de\/Wordpress_MK\/2026\/09\/04\/deutsche-wohnen-co-enteignen\/","title":{"rendered":"Deutsche Wohnen &amp; Co. enteignen? 11.9.26 im Forum M\u00f6ckernkiez"},"content":{"rendered":"\n<p class=\"wp-block-paragraph\">Die AG Kreuzberger Nachbarschaft im M\u00f6ckernkiez l\u00e4dt ein: <br>\u201eDeutsche Wohnen &amp; Co enteignen\u201c \u2013 Was tut sich da eigentlich? <\/p>\n\n\n\n<p class=\"wp-block-paragraph\"><br><strong>Gespr\u00e4chsabend am 11. September 2026 um 19 Uhr <br>im Forum, M\u00f6ckernkiez 2, 10963 Berlin <\/strong><\/p>\n\n\n\n<p class=\"wp-block-paragraph\"><br>An Litfa\u00dfs\u00e4ulen und in Wahlforen, in Sp\u00e4ti-Debatten und an Jurastammtischen \u2013 \u00fcberall ist das Thema Vergesellschaftung gro\u00dfer Immobilienkonzerne pr\u00e4sent. Wir greifen die Diskussion auf und laden zu<br>einem Informations- und Gespr\u00e4chsabend zur Umsetzung des Volksentscheids ein.<\/p>\n\n\n\n<p class=\"wp-block-paragraph\"><br>Zu Gast sind das DWE-Kiezteam Kreuzberg und Ralf Hoffrogge, Historiker und ausgewiesener Kenner der Geschichte des Gemeineigentums. Sein j\u00fcngstes Buch \u201eDas laute Berlin\u201c ist die erste umfassende Chronik der<br>Berliner Mietenbewegung.<\/p>\n\n\n\n<p class=\"wp-block-paragraph\">AG Kreuzberger Nachbarschaft<\/p>\n","protected":false},"excerpt":{"rendered":"<p>Die AG Kreuzberger Nachbarschaft im M\u00f6ckernkiez l\u00e4dt ein: \u201eDeutsche Wohnen &amp; Co enteignen\u201c \u2013 Was tut sich da eigentlich? Gespr\u00e4chsabend am 11. September 2026 um 19 Uhr im Forum, M\u00f6ckernkiez 2, 10963 Berlin An Litfa\u00dfs\u00e4ulen und in Wahlforen, in Sp\u00e4ti-Debatten und an Jurastammtischen \u2013 \u00fcberall ist das Thema Vergesellschaftung gro\u00dfer Immobilienkonzerne pr\u00e4sent. Wir greifen die &#8230; <\/p>\n<p class=\"read-more-container\"><a title=\"Deutsche Wohnen &amp; Co. enteignen? 11.9.26 im Forum M\u00f6ckernkiez\" class=\"read-more button\" href=\"https:\/\/moeckernkiez-ev.de\/Wordpress_MK\/2026\/09\/04\/deutsche-wohnen-co-enteignen\/#more-11826\" aria-label=\"Mehr Informationen \u00fcber Deutsche Wohnen &amp; Co. enteignen? 11.9.26 im Forum M\u00f6ckernkiez\">Beitrag lesen<\/a><\/p>\n","protected":false},"author":6,"featured_media":11831,"comment_status":"closed","ping_status":"open","sticky":false,"template":"","format":"standard","meta":{"footnotes":""},"categories":[1],"tags":[],"class_list":["post-11826","post","type-post","status-publish","format-standard","has-post-thumbnail","hentry","category-allgemein"],"publishpress_future_action":{"enabled":false,"date":"2026-09-11 13:56:36","action":"change-status","newStatus":"draft","terms":[],"taxonomy":"category","extraData":[]},"publishpress_future_workflow_manual_trigger":{"enabledWorkflows":[]},"_links":{"self":[{"href":"https:\/\/moeckernkiez-ev.de\/Wordpress_MK\/wp-json\/wp\/v2\/posts\/11826","targetHints":{"allow":["GET"]}}],"collection":[{"href":"https:\/\/moeckernkiez-ev.de\/Wordpress_MK\/wp-json\/wp\/v2\/posts"}],"about":[{"href":"https:\/\/moeckernkiez-ev.de\/Wordpress_MK\/wp-json\/wp\/v2\/types\/post"}],"author":[{"embeddable":true,"href":"https:\/\/moeckernkiez-ev.de\/Wordpress_MK\/wp-json\/wp\/v2\/users\/6"}],"replies":[{"embeddable":true,"href":"https:\/\/moeckernkiez-ev.de\/Wordpress_MK\/wp-json\/wp\/v2\/comments?post=11826"}],"version-history":[{"count":4,"href":"https:\/\/moeckernkiez-ev.de\/Wordpress_MK\/wp-json\/wp\/v2\/posts\/11826\/revisions"}],"predecessor-version":[{"id":11901,"href":"https:\/\/moeckernkiez-ev.de\/Wordpress_MK\/wp-json\/wp\/v2\/posts\/11826\/revisions\/11901"}],"wp:featuredmedia":[{"embeddable":true,"href":"https:\/\/moeckernkiez-ev.de\/Wordpress_MK\/wp-json\/wp\/v2\/media\/11831"}],"wp:attachment":[{"href":"https:\/\/moeckernkiez-ev.de\/Wordpress_MK\/wp-json\/wp\/v2\/media?parent=11826"}],"wp:term":[{"taxonomy":"category","embeddable":true,"href":"https:\/\/moeckernkiez-ev.de\/Wordpress_MK\/wp-json\/wp\/v2\/categories?post=11826"},{"taxonomy":"post_tag","embeddable":true,"href":"https:\/\/moeckernkiez-ev.de\/Wordpress_MK\/wp-json\/wp\/v2\/tags?post=11826"}],"curies":[{"name":"wp","href":"https:\/\/api.w.org\/{rel}","templated":true}]}}