{"id":11850,"date":"2026-09-06T14:31:35","date_gmt":"2026-09-06T12:31:35","guid":{"rendered":"https:\/\/moeckernkiez-ev.de\/Wordpress_MK\/?p=11850"},"modified":"2026-08-24T14:32:57","modified_gmt":"2026-08-24T12:32:57","slug":"troedelmarkt-im-moeckernkiez-am-19-9","status":"publish","type":"post","link":"https:\/\/moeckernkiez-ev.de\/Wordpress_MK\/2026\/09\/06\/troedelmarkt-im-moeckernkiez-am-19-9\/","title":{"rendered":"Tr\u00f6delmarkt im M\u00f6ckernkiez am 19.9."},"content":{"rendered":"\n<p class=\"wp-block-paragraph\">Am 19. September ist wieder M\u00f6ckernkiez-Flohmarkt. <\/p>\n\n\n\n<p class=\"wp-block-paragraph\">Auf dem Yorckplatz von 11 bis 15 Uhr. <\/p>\n\n\n\n<p class=\"wp-block-paragraph\">Ab 10 Uhr kann aufgebaut werden, Tische usw bitte selbst mitbringen. die Rampenwege und -zug\u00e4nge bitte komplett frei halten, v.a. den Platz vor der Rampenanlage nutzen.<\/p>\n\n\n\n<p class=\"wp-block-paragraph\">Keine Anmeldung erforderlich, aber alles wieder fein aufr\u00e4umen hinterher.<\/p>\n\n\n\n<p class=\"wp-block-paragraph\">UW<\/p>\n\n\n\n<p class=\"wp-block-paragraph\">PS: bei Regen f\u00e4llt der Flohmarkt aus.<\/p>\n","protected":false},"excerpt":{"rendered":"<p>Am 19. September ist wieder M\u00f6ckernkiez-Flohmarkt. Auf dem Yorckplatz von 11 bis 15 Uhr. Ab 10 Uhr kann aufgebaut werden, Tische usw bitte selbst mitbringen. die Rampenwege und -zug\u00e4nge bitte komplett frei halten, v.a. den Platz vor der Rampenanlage nutzen. Keine Anmeldung erforderlich, aber alles wieder fein aufr\u00e4umen hinterher. UW PS: bei Regen f\u00e4llt der &#8230; <\/p>\n<p class=\"read-more-container\"><a title=\"Tr\u00f6delmarkt im M\u00f6ckernkiez am 19.9.\" class=\"read-more button\" href=\"https:\/\/moeckernkiez-ev.de\/Wordpress_MK\/2026\/09\/06\/troedelmarkt-im-moeckernkiez-am-19-9\/#more-11850\" aria-label=\"Mehr Informationen \u00fcber Tr\u00f6delmarkt im M\u00f6ckernkiez am 19.9.\">Beitrag lesen<\/a><\/p>\n","protected":false},"author":6,"featured_media":11849,"comment_status":"closed","ping_status":"open","sticky":false,"template":"","format":"standard","meta":{"footnotes":""},"categories":[1],"tags":[],"class_list":["post-11850","post","type-post","status-publish","format-standard","has-post-thumbnail","hentry","category-allgemein"],"publishpress_future_action":{"enabled":false,"date":"2026-09-13 17:08:01","action":"change-status","newStatus":"draft","terms":[],"taxonomy":"category","extraData":[]},"publishpress_future_workflow_manual_trigger":{"enabledWorkflows":[]},"_links":{"self":[{"href":"https:\/\/moeckernkiez-ev.de\/Wordpress_MK\/wp-json\/wp\/v2\/posts\/11850","targetHints":{"allow":["GET"]}}],"collection":[{"href":"https:\/\/moeckernkiez-ev.de\/Wordpress_MK\/wp-json\/wp\/v2\/posts"}],"about":[{"href":"https:\/\/moeckernkiez-ev.de\/Wordpress_MK\/wp-json\/wp\/v2\/types\/post"}],"author":[{"embeddable":true,"href":"https:\/\/moeckernkiez-ev.de\/Wordpress_MK\/wp-json\/wp\/v2\/users\/6"}],"replies":[{"embeddable":true,"href":"https:\/\/moeckernkiez-ev.de\/Wordpress_MK\/wp-json\/wp\/v2\/comments?post=11850"}],"version-history":[{"count":3,"href":"https:\/\/moeckernkiez-ev.de\/Wordpress_MK\/wp-json\/wp\/v2\/posts\/11850\/revisions"}],"predecessor-version":[{"id":11853,"href":"https:\/\/moeckernkiez-ev.de\/Wordpress_MK\/wp-json\/wp\/v2\/posts\/11850\/revisions\/11853"}],"wp:featuredmedia":[{"embeddable":true,"href":"https:\/\/moeckernkiez-ev.de\/Wordpress_MK\/wp-json\/wp\/v2\/media\/11849"}],"wp:attachment":[{"href":"https:\/\/moeckernkiez-ev.de\/Wordpress_MK\/wp-json\/wp\/v2\/media?parent=11850"}],"wp:term":[{"taxonomy":"category","embeddable":true,"href":"https:\/\/moeckernkiez-ev.de\/Wordpress_MK\/wp-json\/wp\/v2\/categories?post=11850"},{"taxonomy":"post_tag","embeddable":true,"href":"https:\/\/moeckernkiez-ev.de\/Wordpress_MK\/wp-json\/wp\/v2\/tags?post=11850"}],"curies":[{"name":"wp","href":"https:\/\/api.w.org\/{rel}","templated":true}]}}