{"id":11898,"date":"2026-09-03T11:58:00","date_gmt":"2026-09-03T09:58:00","guid":{"rendered":"https:\/\/moeckernkiez-ev.de\/Wordpress_MK\/?p=11898"},"modified":"2026-09-03T19:38:30","modified_gmt":"2026-09-03T17:38:30","slug":"kiezfest-akazienstrasse-samstag-12-09-2026-1400-1900-uhr","status":"publish","type":"post","link":"https:\/\/moeckernkiez-ev.de\/Wordpress_MK\/2026\/09\/03\/kiezfest-akazienstrasse-samstag-12-09-2026-1400-1900-uhr\/","title":{"rendered":"Kiezfest Akazienstra\u00dfe, Samstag 12.09.2026, 14:00 &#8211; 19:00 Uhr"},"content":{"rendered":"\n<p class=\"wp-block-paragraph\">Infos Kiezfest:<br>&#8222;Platz da f\u00fcr Kiez &amp; Kids &#8211; Kiezfest Akazienstra\u00dfe&#8220;; am Samstag, den 12.09.2026, 14:00 &#8211; 19:00 Uhr zwischen Grunewald- und Apostel-Paulus-Stra\u00dfe;<br>&#8222;Wie wollen wir im Kiez zusammen leben?\u201c<br>\u201eWie k\u00f6nnen wir Diskriminierungen abbauen?\u201c<br>\u201eWie kann Stadt zukunftstauglich gestalten werden?\u201c<br>\u201eWas ist uns f\u00fcr unseren Kiez wichtig?<br>18 Initiativen und Akteur*innen werden dabei sein; Infost\u00e4nde, Mitmach-Angebote, Spielstra\u00dfe f\u00fcr Kids und f\u00fcr Erwachsene;<br>Infos: Mobile Stadtteilarbeit Kiezoase, Tel. 0151 15 07 74 78<br>E-Mail: <a href=\"mailto:joern.brenssell@pfh-berlin.de\">joern.brenssell@pfh-berlin.de<\/a><\/p>\n\n\n<div class=\"wp-block-image\">\n<figure class=\"aligncenter is-resized\"><img loading=\"lazy\" decoding=\"async\" width=\"212\" height=\"300\" src=\"https:\/\/moeckernkiez-ev.de\/Wordpress_MK\/wp-content\/uploads\/2026\/08\/Bildschirmfoto-2026-08-25-um-21.44.25-212x300.png\" alt=\"\" class=\"wp-image-11891\" style=\"aspect-ratio:0.7063492063492064;width:623px;height:auto\" srcset=\"https:\/\/moeckernkiez-ev.de\/Wordpress_MK\/wp-content\/uploads\/2026\/08\/Bildschirmfoto-2026-08-25-um-21.44.25-212x300.png 212w, https:\/\/moeckernkiez-ev.de\/Wordpress_MK\/wp-content\/uploads\/2026\/08\/Bildschirmfoto-2026-08-25-um-21.44.25.png 388w\" sizes=\"auto, (max-width: 212px) 100vw, 212px\" \/><\/figure>\n<\/div>","protected":false},"excerpt":{"rendered":"<p>Infos Kiezfest:&#8222;Platz da f\u00fcr Kiez &amp; Kids &#8211; Kiezfest Akazienstra\u00dfe&#8220;; am Samstag, den 12.09.2026, 14:00 &#8211; 19:00 Uhr zwischen Grunewald- und Apostel-Paulus-Stra\u00dfe;&#8222;Wie wollen wir im Kiez zusammen leben?\u201c\u201eWie k\u00f6nnen wir Diskriminierungen abbauen?\u201c\u201eWie kann Stadt zukunftstauglich gestalten werden?\u201c\u201eWas ist uns f\u00fcr unseren Kiez wichtig?18 Initiativen und Akteur*innen werden dabei sein; Infost\u00e4nde, Mitmach-Angebote, Spielstra\u00dfe f\u00fcr Kids und &#8230; <\/p>\n<p class=\"read-more-container\"><a title=\"Kiezfest Akazienstra\u00dfe, Samstag 12.09.2026, 14:00 &#8211; 19:00 Uhr\" class=\"read-more button\" href=\"https:\/\/moeckernkiez-ev.de\/Wordpress_MK\/2026\/09\/03\/kiezfest-akazienstrasse-samstag-12-09-2026-1400-1900-uhr\/#more-11898\" aria-label=\"Mehr Informationen \u00fcber Kiezfest Akazienstra\u00dfe, Samstag 12.09.2026, 14:00 &#8211; 19:00 Uhr\">Beitrag lesen<\/a><\/p>\n","protected":false},"author":14,"featured_media":11891,"comment_status":"closed","ping_status":"open","sticky":false,"template":"","format":"standard","meta":{"footnotes":""},"categories":[58,91,4],"tags":[],"class_list":["post-11898","post","type-post","status-publish","format-standard","has-post-thumbnail","hentry","category-austausch","category-familien","category-veranstaltung"],"publishpress_future_action":{"enabled":false,"date":"2026-09-10 21:31:22","action":"change-status","newStatus":"draft","terms":[],"taxonomy":"category","extraData":[]},"publishpress_future_workflow_manual_trigger":{"enabledWorkflows":[]},"_links":{"self":[{"href":"https:\/\/moeckernkiez-ev.de\/Wordpress_MK\/wp-json\/wp\/v2\/posts\/11898","targetHints":{"allow":["GET"]}}],"collection":[{"href":"https:\/\/moeckernkiez-ev.de\/Wordpress_MK\/wp-json\/wp\/v2\/posts"}],"about":[{"href":"https:\/\/moeckernkiez-ev.de\/Wordpress_MK\/wp-json\/wp\/v2\/types\/post"}],"author":[{"embeddable":true,"href":"https:\/\/moeckernkiez-ev.de\/Wordpress_MK\/wp-json\/wp\/v2\/users\/14"}],"replies":[{"embeddable":true,"href":"https:\/\/moeckernkiez-ev.de\/Wordpress_MK\/wp-json\/wp\/v2\/comments?post=11898"}],"version-history":[{"count":1,"href":"https:\/\/moeckernkiez-ev.de\/Wordpress_MK\/wp-json\/wp\/v2\/posts\/11898\/revisions"}],"predecessor-version":[{"id":11899,"href":"https:\/\/moeckernkiez-ev.de\/Wordpress_MK\/wp-json\/wp\/v2\/posts\/11898\/revisions\/11899"}],"wp:featuredmedia":[{"embeddable":true,"href":"https:\/\/moeckernkiez-ev.de\/Wordpress_MK\/wp-json\/wp\/v2\/media\/11891"}],"wp:attachment":[{"href":"https:\/\/moeckernkiez-ev.de\/Wordpress_MK\/wp-json\/wp\/v2\/media?parent=11898"}],"wp:term":[{"taxonomy":"category","embeddable":true,"href":"https:\/\/moeckernkiez-ev.de\/Wordpress_MK\/wp-json\/wp\/v2\/categories?post=11898"},{"taxonomy":"post_tag","embeddable":true,"href":"https:\/\/moeckernkiez-ev.de\/Wordpress_MK\/wp-json\/wp\/v2\/tags?post=11898"}],"curies":[{"name":"wp","href":"https:\/\/api.w.org\/{rel}","templated":true}]}}