{"id":11928,"date":"2026-09-01T09:13:43","date_gmt":"2026-09-01T07:13:43","guid":{"rendered":"https:\/\/moeckernkiez-ev.de\/Wordpress_MK\/?p=11928"},"modified":"2026-09-01T15:01:52","modified_gmt":"2026-09-01T13:01:52","slug":"nextcloud-als-alternative-zu-bigtech-clouddiensten","status":"publish","type":"post","link":"https:\/\/moeckernkiez-ev.de\/Wordpress_MK\/2026\/09\/01\/nextcloud-als-alternative-zu-bigtech-clouddiensten\/","title":{"rendered":"DUT &#8211; Nextcloud als Alternative zu BigTech Clouddiensten"},"content":{"rendered":"\n<p class=\"wp-block-paragraph\">Beim n\u00e4chsten <a href=\"https:\/\/di.day\" target=\"_blank\" rel=\"noopener\">Digitalen Unabh\u00e4ngigkeitstag<\/a> am Sonntag, den <strong>6. September von 11 &#8211; 14 Uhr<\/strong> im M\u00f6ckernkiez dreht sich alles um Clouddienste und speziell um die Cloudanwendung Nextcloud.<br><br>Wir wollen dar\u00fcber sprechen, f\u00fcr welche Zwecke eine Cloudanwendung sinnvoll eingesetzt werden kann und wie das auch ohne die Clouddienste der BigTech-Unternehmen umgesetzt werden kann.<\/p>\n\n\n<div class=\"wp-block-image\">\n<figure class=\"alignleft size-full is-resized\"><img loading=\"lazy\" decoding=\"async\" width=\"500\" height=\"500\" src=\"https:\/\/moeckernkiez-ev.de\/Wordpress_MK\/wp-content\/uploads\/2026\/09\/Nextcloud.png\" alt=\"\" class=\"wp-image-11961\" style=\"width:129px;height:auto\" srcset=\"https:\/\/moeckernkiez-ev.de\/Wordpress_MK\/wp-content\/uploads\/2026\/09\/Nextcloud.png 500w, https:\/\/moeckernkiez-ev.de\/Wordpress_MK\/wp-content\/uploads\/2026\/09\/Nextcloud-300x300.png 300w, https:\/\/moeckernkiez-ev.de\/Wordpress_MK\/wp-content\/uploads\/2026\/09\/Nextcloud-150x150.png 150w\" sizes=\"auto, (max-width: 500px) 100vw, 500px\" \/><\/figure>\n<\/div>\n\n\n<p class=\"wp-block-paragraph\">In einem ersten Vortragsteil geben wir eine Einf\u00fchrung in die Grundfunktionen von Nextcloud: Dateien, Kalender, Kontakte und Photos. Dabei ist auch Raum f\u00fcr eure Fragen. <\/p>\n\n\n\n<p class=\"wp-block-paragraph\">Wir erkl\u00e4ren euch, wie ihr selbst eine Nextcloud einrichten k\u00f6nnt.<\/p>\n\n\n\n<p class=\"wp-block-paragraph\">Im Anschluss wird es praktisch! Wenn ihr Nextcloud einfach mal ausprobieren wollt, oder euch sogar schon entschieden habt, Nextcloud einzusetzen, aber euch bisher nicht getraut habt, das anzugehen, helfen wir euch mit Rat und Tat.<\/p>\n\n\n\n<p class=\"wp-block-paragraph\">Bringt euer Laptop mit, und wir unterst\u00fctzen euch, bei einem der vielen Anbieter eine Nextcloud-Instanz zu bestellen und einzurichten. Selbstverst\u00e4ndlich stehen wir auch f\u00fcr weitergehende Fragen zur Verf\u00fcgung.<\/p>\n\n\n\n<p class=\"wp-block-paragraph\">Egal ob ihr schon Erfahrung mit dem Thema habt oder euch bisher gar nicht damit besch\u00e4ftigt habt, kommt gerne vorbei. <\/p>\n","protected":false},"excerpt":{"rendered":"<p>Beim n\u00e4chsten Digitalen Unabh\u00e4ngigkeitstag am Sonntag, den 6. September von 11 &#8211; 14 Uhr im M\u00f6ckernkiez dreht sich alles um Clouddienste und speziell um die Cloudanwendung Nextcloud. Wir wollen dar\u00fcber sprechen, f\u00fcr welche Zwecke eine Cloudanwendung sinnvoll eingesetzt werden kann und wie das auch ohne die Clouddienste der BigTech-Unternehmen umgesetzt werden kann. In einem ersten &#8230; <\/p>\n<p class=\"read-more-container\"><a title=\"DUT &#8211; Nextcloud als Alternative zu BigTech Clouddiensten\" class=\"read-more button\" href=\"https:\/\/moeckernkiez-ev.de\/Wordpress_MK\/2026\/09\/01\/nextcloud-als-alternative-zu-bigtech-clouddiensten\/#more-11928\" aria-label=\"Mehr Informationen \u00fcber DUT &#8211; Nextcloud als Alternative zu BigTech Clouddiensten\">Beitrag lesen<\/a><\/p>\n","protected":false},"author":4,"featured_media":11959,"comment_status":"closed","ping_status":"open","sticky":false,"template":"","format":"standard","meta":{"footnotes":""},"categories":[58,132,4],"tags":[],"class_list":["post-11928","post","type-post","status-publish","format-standard","has-post-thumbnail","hentry","category-austausch","category-technik","category-veranstaltung"],"publishpress_future_action":{"enabled":false,"date":"2026-09-09 13:24:54","action":"change-status","newStatus":"draft","terms":[],"taxonomy":"category","extraData":[]},"publishpress_future_workflow_manual_trigger":{"enabledWorkflows":[]},"_links":{"self":[{"href":"https:\/\/moeckernkiez-ev.de\/Wordpress_MK\/wp-json\/wp\/v2\/posts\/11928","targetHints":{"allow":["GET"]}}],"collection":[{"href":"https:\/\/moeckernkiez-ev.de\/Wordpress_MK\/wp-json\/wp\/v2\/posts"}],"about":[{"href":"https:\/\/moeckernkiez-ev.de\/Wordpress_MK\/wp-json\/wp\/v2\/types\/post"}],"author":[{"embeddable":true,"href":"https:\/\/moeckernkiez-ev.de\/Wordpress_MK\/wp-json\/wp\/v2\/users\/4"}],"replies":[{"embeddable":true,"href":"https:\/\/moeckernkiez-ev.de\/Wordpress_MK\/wp-json\/wp\/v2\/comments?post=11928"}],"version-history":[{"count":7,"href":"https:\/\/moeckernkiez-ev.de\/Wordpress_MK\/wp-json\/wp\/v2\/posts\/11928\/revisions"}],"predecessor-version":[{"id":11963,"href":"https:\/\/moeckernkiez-ev.de\/Wordpress_MK\/wp-json\/wp\/v2\/posts\/11928\/revisions\/11963"}],"wp:featuredmedia":[{"embeddable":true,"href":"https:\/\/moeckernkiez-ev.de\/Wordpress_MK\/wp-json\/wp\/v2\/media\/11959"}],"wp:attachment":[{"href":"https:\/\/moeckernkiez-ev.de\/Wordpress_MK\/wp-json\/wp\/v2\/media?parent=11928"}],"wp:term":[{"taxonomy":"category","embeddable":true,"href":"https:\/\/moeckernkiez-ev.de\/Wordpress_MK\/wp-json\/wp\/v2\/categories?post=11928"},{"taxonomy":"post_tag","embeddable":true,"href":"https:\/\/moeckernkiez-ev.de\/Wordpress_MK\/wp-json\/wp\/v2\/tags?post=11928"}],"curies":[{"name":"wp","href":"https:\/\/api.w.org\/{rel}","templated":true}]}}