{"id":11930,"date":"2026-08-31T12:37:19","date_gmt":"2026-08-31T10:37:19","guid":{"rendered":"https:\/\/moeckernkiez-ev.de\/Wordpress_MK\/?p=11930"},"modified":"2026-08-31T12:37:19","modified_gmt":"2026-08-31T10:37:19","slug":"along-the-river","status":"publish","type":"post","link":"https:\/\/moeckernkiez-ev.de\/Wordpress_MK\/2026\/08\/31\/along-the-river\/","title":{"rendered":"\u201eAlong The River\u201c"},"content":{"rendered":"\n<p class=\"wp-block-paragraph\">Dialog zwischen Pal\u00e4stinensern, Israelis und Deutschen<br>Dokumentarfilm 62 Min.<br>Englisch mit deutschen Untertiteln<\/p>\n\n\n\n<p class=\"wp-block-paragraph\"><strong>Sonntag, den 27. September 2\u00df26 11:00<br><\/strong>Bundesplatzkino Berlin<br>mit anschlie\u00dfender Diskussion mit der Filmemacherin<\/p>\n\n\n\n<p class=\"wp-block-paragraph\">Vier Monate nach dem von der Hamas ver\u00fcbten Angriff auf Israel am 7. Oktober, bei dem \u00fcber 1.200 Menschen get\u00f6tet wurden und der einen verheerenden Krieg im Gazastreifen ausl\u00f6ste, trafen sich Pal\u00e4stinenser und Israelis in Deutschland, um sich ihrer tiefen Trauer und Wut sowie ihrer gemeinsamen Menschlichkeit zu stellen. ALONG THE RIVER gew\u00e4hrt einen intimen Einblick in den Prozess einer Begegnung, wenn Menschen das eigene Leid im Leid des &#8222;anderen&#8220; gespiegelt zu sehen.<\/p>\n\n\n\n<p class=\"wp-block-paragraph\"><strong>Preise<br><\/strong>Mannheim Arts and Film Festival Bester Dokumentarfilm September 2025<br>Silver Screen Filmfestival Prag Bester Dokumentarfilm Februar 2026<br>Los Angelos Film&amp;Documentary Award<br>Hollywood International Indie Film &amp; Screenplay Awards<\/p>\n\n\n\n<p class=\"wp-block-paragraph\"><strong>New York Jewish Filmfestival 22. January 2026<\/strong><br>Feedback von Lisa Cataldo, Associate Professor, Fordham University Graduate School of Education and Psychoanalyst 25.02.26<\/p>\n\n\n\n<p class=\"wp-block-paragraph\">\u201eWe can only connect in so far as we are willing to &#8222;bare our souls&#8220; to one another, to let down the defensiveness and be willing to hear the suffering of the other who we have thought of as our enemy. It shows all the complexity of moral injury, institutional betrayal and the intergenerational transmission of trauma and guilt. This also gives me hope!\u201c<\/p>\n\n\n\n<p class=\"wp-block-paragraph\">\u201eWir k\u00f6nnen nur dann eine Verbindung zueinander herstellen, wenn wir bereit sind, einander unsere Seele zu offenbaren, unsere Abwehrhaltung aufzugeben und uns auf das Leid des anderen einzulassen \u2013 jenes Menschen, den wir bislang als unseren Feind betrachtet haben. Dies verdeutlicht die ganze Komplexit\u00e4t moralischer Verletzungen, des institutionellen Vertrauensbruchs sowie der Generationen \u00fcbergreifenden Weitergabe von Trauma und Schuld. Das gibt mir auch Hoffnung!\u201c<\/p>\n\n\n\n<p class=\"wp-block-paragraph\"><\/p>\n\n\n\n<figure class=\"wp-block-image size-large\"><img loading=\"lazy\" decoding=\"async\" width=\"725\" height=\"1024\" src=\"https:\/\/moeckernkiez-ev.de\/Wordpress_MK\/wp-content\/uploads\/2026\/08\/Plakat_Along_The_River_Mail-725x1024.jpg\" alt=\"\" class=\"wp-image-11931\" srcset=\"https:\/\/moeckernkiez-ev.de\/Wordpress_MK\/wp-content\/uploads\/2026\/08\/Plakat_Along_The_River_Mail-725x1024.jpg 725w, https:\/\/moeckernkiez-ev.de\/Wordpress_MK\/wp-content\/uploads\/2026\/08\/Plakat_Along_The_River_Mail-213x300.jpg 213w, https:\/\/moeckernkiez-ev.de\/Wordpress_MK\/wp-content\/uploads\/2026\/08\/Plakat_Along_The_River_Mail-768x1084.jpg 768w, https:\/\/moeckernkiez-ev.de\/Wordpress_MK\/wp-content\/uploads\/2026\/08\/Plakat_Along_The_River_Mail-1088x1536.jpg 1088w, https:\/\/moeckernkiez-ev.de\/Wordpress_MK\/wp-content\/uploads\/2026\/08\/Plakat_Along_The_River_Mail-1451x2048.jpg 1451w, https:\/\/moeckernkiez-ev.de\/Wordpress_MK\/wp-content\/uploads\/2026\/08\/Plakat_Along_The_River_Mail-1320x1863.jpg 1320w, https:\/\/moeckernkiez-ev.de\/Wordpress_MK\/wp-content\/uploads\/2026\/08\/Plakat_Along_The_River_Mail-scaled.jpg 1814w\" sizes=\"auto, (max-width: 725px) 100vw, 725px\" \/><\/figure>\n","protected":false},"excerpt":{"rendered":"<p>Dialog zwischen Pal\u00e4stinensern, Israelis und DeutschenDokumentarfilm 62 Min.Englisch mit deutschen Untertiteln Sonntag, den 27. September 2\u00df26 11:00Bundesplatzkino Berlinmit anschlie\u00dfender Diskussion mit der Filmemacherin Vier Monate nach dem von der Hamas ver\u00fcbten Angriff auf Israel am 7. Oktober, bei dem \u00fcber 1.200 Menschen get\u00f6tet wurden und der einen verheerenden Krieg im Gazastreifen ausl\u00f6ste, trafen sich Pal\u00e4stinenser &#8230; <\/p>\n<p class=\"read-more-container\"><a title=\"\u201eAlong The River\u201c\" class=\"read-more button\" href=\"https:\/\/moeckernkiez-ev.de\/Wordpress_MK\/2026\/08\/31\/along-the-river\/#more-11930\" aria-label=\"Mehr Informationen \u00fcber \u201eAlong The River\u201c\">Beitrag lesen<\/a><\/p>\n","protected":false},"author":16,"featured_media":0,"comment_status":"closed","ping_status":"open","sticky":false,"template":"","format":"standard","meta":{"footnotes":""},"categories":[1],"tags":[],"class_list":["post-11930","post","type-post","status-publish","format-standard","hentry","category-allgemein"],"publishpress_future_action":{"enabled":false,"date":"2026-09-07 13:02:28","action":"change-status","newStatus":"draft","terms":[],"taxonomy":"category","extraData":[]},"publishpress_future_workflow_manual_trigger":{"enabledWorkflows":[]},"_links":{"self":[{"href":"https:\/\/moeckernkiez-ev.de\/Wordpress_MK\/wp-json\/wp\/v2\/posts\/11930","targetHints":{"allow":["GET"]}}],"collection":[{"href":"https:\/\/moeckernkiez-ev.de\/Wordpress_MK\/wp-json\/wp\/v2\/posts"}],"about":[{"href":"https:\/\/moeckernkiez-ev.de\/Wordpress_MK\/wp-json\/wp\/v2\/types\/post"}],"author":[{"embeddable":true,"href":"https:\/\/moeckernkiez-ev.de\/Wordpress_MK\/wp-json\/wp\/v2\/users\/16"}],"replies":[{"embeddable":true,"href":"https:\/\/moeckernkiez-ev.de\/Wordpress_MK\/wp-json\/wp\/v2\/comments?post=11930"}],"version-history":[{"count":1,"href":"https:\/\/moeckernkiez-ev.de\/Wordpress_MK\/wp-json\/wp\/v2\/posts\/11930\/revisions"}],"predecessor-version":[{"id":11932,"href":"https:\/\/moeckernkiez-ev.de\/Wordpress_MK\/wp-json\/wp\/v2\/posts\/11930\/revisions\/11932"}],"wp:attachment":[{"href":"https:\/\/moeckernkiez-ev.de\/Wordpress_MK\/wp-json\/wp\/v2\/media?parent=11930"}],"wp:term":[{"taxonomy":"category","embeddable":true,"href":"https:\/\/moeckernkiez-ev.de\/Wordpress_MK\/wp-json\/wp\/v2\/categories?post=11930"},{"taxonomy":"post_tag","embeddable":true,"href":"https:\/\/moeckernkiez-ev.de\/Wordpress_MK\/wp-json\/wp\/v2\/tags?post=11930"}],"curies":[{"name":"wp","href":"https:\/\/api.w.org\/{rel}","templated":true}]}}