{"id":11968,"date":"2026-09-03T19:29:26","date_gmt":"2026-09-03T17:29:26","guid":{"rendered":"https:\/\/moeckernkiez-ev.de\/Wordpress_MK\/?p=11968"},"modified":"2026-09-03T19:33:58","modified_gmt":"2026-09-03T17:33:58","slug":"sommerfest-moeckernkiez-12-09-26-das-programm","status":"publish","type":"post","link":"https:\/\/moeckernkiez-ev.de\/Wordpress_MK\/2026\/09\/03\/sommerfest-moeckernkiez-12-09-26-das-programm\/","title":{"rendered":"Sommerfest M\u00f6ckernkiez \u2013 12.09.26 &#8211; Das Programm"},"content":{"rendered":"\n<p class=\"wp-block-paragraph\">Das Sommerfest beginnt um 14.30 mit einer klangvollen Einstimmung bevor es dann um zur <\/p>\n\n\n\n<p class=\"wp-block-paragraph\">15 Uhr Begr\u00fc\u00dfung und Er\u00f6ffnung des Sommerfestes kommt.<\/p>\n\n\n\n<p class=\"wp-block-paragraph\">Das Programm ist wieder so vielf\u00e4ltig geworden, dass f\u00fcr alle was dabei ist.<\/p>\n\n\n\n<p class=\"wp-block-paragraph\">Gleich nach der Begr\u00fc\u00dfung ein Highlight, das Alphorn-Orchester.<\/p>\n\n\n\n<p class=\"wp-block-paragraph\"><a href=\"https:\/\/moeckernkiez-ev.de\/Wordpress_MK\/wp-content\/uploads\/2026\/09\/Sommerfestflyer-end.pdf\">&#8230;und hier  gibt es das Programm als Datei im pdf-Format<\/a><\/p>\n\n\n\n<p class=\"wp-block-paragraph\"><\/p>\n","protected":false},"excerpt":{"rendered":"<p>Das Sommerfest beginnt um 14.30 mit einer klangvollen Einstimmung bevor es dann um zur 15 Uhr Begr\u00fc\u00dfung und Er\u00f6ffnung des Sommerfestes kommt. Das Programm ist wieder so vielf\u00e4ltig geworden, dass f\u00fcr alle was dabei ist. Gleich nach der Begr\u00fc\u00dfung ein Highlight, das Alphorn-Orchester. &#8230;und hier gibt es das Programm als Datei im pdf-Format<\/p>\n","protected":false},"author":14,"featured_media":11991,"comment_status":"closed","ping_status":"open","sticky":false,"template":"","format":"standard","meta":{"footnotes":""},"categories":[58,91,73,4],"tags":[],"class_list":["post-11968","post","type-post","status-publish","format-standard","has-post-thumbnail","hentry","category-austausch","category-familien","category-konzert","category-veranstaltung"],"publishpress_future_action":{"enabled":false,"date":"2026-09-10 21:31:22","action":"change-status","newStatus":"draft","terms":[],"taxonomy":"category","extraData":[]},"publishpress_future_workflow_manual_trigger":{"enabledWorkflows":[]},"_links":{"self":[{"href":"https:\/\/moeckernkiez-ev.de\/Wordpress_MK\/wp-json\/wp\/v2\/posts\/11968","targetHints":{"allow":["GET"]}}],"collection":[{"href":"https:\/\/moeckernkiez-ev.de\/Wordpress_MK\/wp-json\/wp\/v2\/posts"}],"about":[{"href":"https:\/\/moeckernkiez-ev.de\/Wordpress_MK\/wp-json\/wp\/v2\/types\/post"}],"author":[{"embeddable":true,"href":"https:\/\/moeckernkiez-ev.de\/Wordpress_MK\/wp-json\/wp\/v2\/users\/14"}],"replies":[{"embeddable":true,"href":"https:\/\/moeckernkiez-ev.de\/Wordpress_MK\/wp-json\/wp\/v2\/comments?post=11968"}],"version-history":[{"count":6,"href":"https:\/\/moeckernkiez-ev.de\/Wordpress_MK\/wp-json\/wp\/v2\/posts\/11968\/revisions"}],"predecessor-version":[{"id":11992,"href":"https:\/\/moeckernkiez-ev.de\/Wordpress_MK\/wp-json\/wp\/v2\/posts\/11968\/revisions\/11992"}],"wp:featuredmedia":[{"embeddable":true,"href":"https:\/\/moeckernkiez-ev.de\/Wordpress_MK\/wp-json\/wp\/v2\/media\/11991"}],"wp:attachment":[{"href":"https:\/\/moeckernkiez-ev.de\/Wordpress_MK\/wp-json\/wp\/v2\/media?parent=11968"}],"wp:term":[{"taxonomy":"category","embeddable":true,"href":"https:\/\/moeckernkiez-ev.de\/Wordpress_MK\/wp-json\/wp\/v2\/categories?post=11968"},{"taxonomy":"post_tag","embeddable":true,"href":"https:\/\/moeckernkiez-ev.de\/Wordpress_MK\/wp-json\/wp\/v2\/tags?post=11968"}],"curies":[{"name":"wp","href":"https:\/\/api.w.org\/{rel}","templated":true}]}}