{"id":11996,"date":"2026-09-05T11:20:00","date_gmt":"2026-09-05T09:20:00","guid":{"rendered":"https:\/\/moeckernkiez-ev.de\/Wordpress_MK\/?p=11996"},"modified":"2026-09-04T14:38:03","modified_gmt":"2026-09-04T12:38:03","slug":"kiezgespraech-zur-wahl-am-14-9-im-forum","status":"publish","type":"post","link":"https:\/\/moeckernkiez-ev.de\/Wordpress_MK\/2026\/09\/05\/kiezgespraech-zur-wahl-am-14-9-im-forum\/","title":{"rendered":"Kiezgespr\u00e4ch zur Wahl am 14.9. im Forum"},"content":{"rendered":"\n<p class=\"wp-block-paragraph\">Einladung zu einem Kiezgespr\u00e4ch mit den Direkt- und Spitzenkandidaten von B\u00fcndnis90\/Die Gr\u00fcnen in unserem Wahlkreis:<\/p>\n\n\n\n<p class=\"wp-block-paragraph\">K\u00dcBRA BEYDA\u015e \u2013 Turkologin M.A. und Direktkandidatin f\u00fcr das Berliner Abgeordnetenhaus von B\u00fcndnis 90\/Die Gr\u00fcnen <br>und <br>THOMAS WEIGELT \u2013 Jurist und gr\u00fcner Kandidat f\u00fcr das B\u00fcrgermeisteramt in Friedrichshain-Kreuzberg<\/p>\n\n\n\n<p class=\"wp-block-paragraph\"><br>Montag, 14. September 2026, ab 18 Uhr<\/p>\n\n\n\n<p class=\"wp-block-paragraph\">im Forum M\u00f6ckernkiez, M\u00f6ckernkiez 2<\/p>\n\n\n\n<p class=\"wp-block-paragraph\"><br>Nach einer kurzen Vorstellung unserer Motivation und politischen Schwerpunkte m\u00f6chten wir vor allem mit Ihnen\/mit Euch ins Gespr\u00e4ch kommen. Es soll Raum f\u00fcr Fragen, Anliegen, Ideen, Kritik und Anregungen geben \u2013 und nat\u00fcrlich einen offenen Austausch dar\u00fcber, was Euch im Kiez bewegt. Unsere Ziele:<\/p>\n\n\n\n<p class=\"wp-block-paragraph\"><\/p>\n\n\n\n<ol class=\"wp-block-list\">\n<li>Kreuzberg im Zentrum \u2013 weltoffen, gerecht, lebenswert<br>\u2022 faire Mieten, keine Verdr\u00e4ngung,damit Familien, Studierende und kleine Betriebe bleiben k\u00f6nnen<br>\u2022 gute Bildung und Freizeitangebote f\u00fcr Kinder und Jugendliche<br>\u2022 gerechte Verteilung des \u00f6ffentlichen Raums, Sauberkeit im Kiez<br>\u2022 Guter \u00d6PNV, barrierefreie Mobilit\u00e4t, sichere und saubere Schulwege<\/li>\n\n\n\n<li>Schutz gegen Hitze \u2013 Schutz vor der Klimakrise f\u00fcr uns alle<br>\u2022 gr\u00fcner Bezirk, mehr B\u00e4ume, Parks und Schattenspender<br>\u2022 Entsiegelung von Fl\u00e4chen, Speicherung von Regenwasser, saubere Spree<br>\u2022 W\u00e4rme und Strom aus erneuerbaren Quellen<br>\u2022 Artenschutz, lebendige Stadtnatur und Gemeinschaftsprojekte<\/li>\n\n\n\n<li>Gute Ern\u00e4hrung \u2013 gesund, bezahlbar<br>\u2022 kostenloses Schulessen und gemeinsames Kochen<br>\u2022 ges\u00fcndere Kantinen \u2013 frisch, nachhaltig und m\u00f6glichst regional<br>\u2022 Ern\u00e4hrungsbildung, F\u00f6rderung von Projekten, die Lebensmittel retten und fair verteilen<br>Gerne nehmen wir Themen und Anregungen mit, was im Kiez gut funktioniert und wo wir als Bezirk und Land noch besser werden m\u00fcssen und setzen uns daf\u00fcr ein. Wir freuen uns sehr darauf, Euch kennenzulernen und gemeinsam einen sch\u00f6nen und anregenden Abend zu verbringen.<\/li>\n<\/ol>\n\n\n\n<p class=\"wp-block-paragraph\">MvA<\/p>\n\n\n\n<figure class=\"wp-block-gallery has-nested-images columns-default is-cropped wp-block-gallery-1 is-layout-flex wp-block-gallery-is-layout-flex\">\n<figure class=\"wp-block-image size-large\"><img loading=\"lazy\" decoding=\"async\" width=\"269\" height=\"364\" data-id=\"11998\" src=\"https:\/\/moeckernkiez-ev.de\/Wordpress_MK\/wp-content\/uploads\/2026\/09\/Kuebra.jpg\" alt=\"\" class=\"wp-image-11998\" srcset=\"https:\/\/moeckernkiez-ev.de\/Wordpress_MK\/wp-content\/uploads\/2026\/09\/Kuebra.jpg 269w, https:\/\/moeckernkiez-ev.de\/Wordpress_MK\/wp-content\/uploads\/2026\/09\/Kuebra-222x300.jpg 222w\" sizes=\"auto, (max-width: 269px) 100vw, 269px\" \/><\/figure>\n\n\n\n<figure class=\"wp-block-image size-large\"><img loading=\"lazy\" decoding=\"async\" width=\"154\" height=\"103\" data-id=\"11999\" src=\"https:\/\/moeckernkiez-ev.de\/Wordpress_MK\/wp-content\/uploads\/2026\/09\/ThomasWeigelt.png\" alt=\"\" class=\"wp-image-11999\"\/><\/figure>\n<\/figure>\n\n\n\n<p class=\"wp-block-paragraph\">K\u00fcbra BEYDA\u015e  und Thomas WEIGELT<\/p>\n\n\n\n<p class=\"wp-block-paragraph\"><\/p>\n","protected":false},"excerpt":{"rendered":"<p>Einladung zu einem Kiezgespr\u00e4ch mit den Direkt- und Spitzenkandidaten von B\u00fcndnis90\/Die Gr\u00fcnen in unserem Wahlkreis: K\u00dcBRA BEYDA\u015e \u2013 Turkologin M.A. und Direktkandidatin f\u00fcr das Berliner Abgeordnetenhaus von B\u00fcndnis 90\/Die Gr\u00fcnen und THOMAS WEIGELT \u2013 Jurist und gr\u00fcner Kandidat f\u00fcr das B\u00fcrgermeisteramt in Friedrichshain-Kreuzberg Montag, 14. September 2026, ab 18 Uhr im Forum M\u00f6ckernkiez, M\u00f6ckernkiez 2 &#8230; <\/p>\n<p class=\"read-more-container\"><a title=\"Kiezgespr\u00e4ch zur Wahl am 14.9. im Forum\" class=\"read-more button\" href=\"https:\/\/moeckernkiez-ev.de\/Wordpress_MK\/2026\/09\/05\/kiezgespraech-zur-wahl-am-14-9-im-forum\/#more-11996\" aria-label=\"Mehr Informationen \u00fcber Kiezgespr\u00e4ch zur Wahl am 14.9. im Forum\">Beitrag lesen<\/a><\/p>\n","protected":false},"author":6,"featured_media":11998,"comment_status":"closed","ping_status":"open","sticky":false,"template":"","format":"standard","meta":{"footnotes":""},"categories":[1],"tags":[],"class_list":["post-11996","post","type-post","status-publish","format-standard","has-post-thumbnail","hentry","category-allgemein"],"publishpress_future_action":{"enabled":false,"date":"2026-09-12 12:43:45","action":"change-status","newStatus":"draft","terms":[],"taxonomy":"category","extraData":[]},"publishpress_future_workflow_manual_trigger":{"enabledWorkflows":[]},"_links":{"self":[{"href":"https:\/\/moeckernkiez-ev.de\/Wordpress_MK\/wp-json\/wp\/v2\/posts\/11996","targetHints":{"allow":["GET"]}}],"collection":[{"href":"https:\/\/moeckernkiez-ev.de\/Wordpress_MK\/wp-json\/wp\/v2\/posts"}],"about":[{"href":"https:\/\/moeckernkiez-ev.de\/Wordpress_MK\/wp-json\/wp\/v2\/types\/post"}],"author":[{"embeddable":true,"href":"https:\/\/moeckernkiez-ev.de\/Wordpress_MK\/wp-json\/wp\/v2\/users\/6"}],"replies":[{"embeddable":true,"href":"https:\/\/moeckernkiez-ev.de\/Wordpress_MK\/wp-json\/wp\/v2\/comments?post=11996"}],"version-history":[{"count":8,"href":"https:\/\/moeckernkiez-ev.de\/Wordpress_MK\/wp-json\/wp\/v2\/posts\/11996\/revisions"}],"predecessor-version":[{"id":12009,"href":"https:\/\/moeckernkiez-ev.de\/Wordpress_MK\/wp-json\/wp\/v2\/posts\/11996\/revisions\/12009"}],"wp:featuredmedia":[{"embeddable":true,"href":"https:\/\/moeckernkiez-ev.de\/Wordpress_MK\/wp-json\/wp\/v2\/media\/11998"}],"wp:attachment":[{"href":"https:\/\/moeckernkiez-ev.de\/Wordpress_MK\/wp-json\/wp\/v2\/media?parent=11996"}],"wp:term":[{"taxonomy":"category","embeddable":true,"href":"https:\/\/moeckernkiez-ev.de\/Wordpress_MK\/wp-json\/wp\/v2\/categories?post=11996"},{"taxonomy":"post_tag","embeddable":true,"href":"https:\/\/moeckernkiez-ev.de\/Wordpress_MK\/wp-json\/wp\/v2\/tags?post=11996"}],"curies":[{"name":"wp","href":"https:\/\/api.w.org\/{rel}","templated":true}]}}