{"id":1669,"date":"2023-05-11T10:16:07","date_gmt":"2023-05-11T08:16:07","guid":{"rendered":"https:\/\/moeckernkiez-ev.de\/Wordpress_MK\/?p=1669"},"modified":"2023-06-20T18:37:12","modified_gmt":"2023-06-20T16:37:12","slug":"balkan-blues-am-4-juni","status":"publish","type":"post","link":"https:\/\/moeckernkiez-ev.de\/Wordpress_MK\/2023\/05\/11\/balkan-blues-am-4-juni\/","title":{"rendered":"Balkan-Blues am 4.Juni"},"content":{"rendered":"\n<p>Das Berliner Balkan-Duo &#8222;Suzana &amp; Ira&#8220; spielt Balkan-Blues und Lebenslust<br>am Sonntag, 04. Juni um 16 Uhr<br>auf dem Kiezplatz<\/p>\n\n\n\n<p>Das Berliner Balkan-Duo &#8222;Suzana &amp; Ira&#8220; (Gesang und Akkordeon) nehmen uns auf eine musikalische Reise mit, die zugleich pers\u00f6nlich und global ist: das transportabelste Kulturgut ist schlie\u00dflich das Lied. In ihrem Programm erklingen Roma-Lieder, bosnischer Sevdah, sowie traditionelles Liedgut aus Rum\u00e4nien, Serbien und Mazedonien. Ein emotionsgeladenes Feuerwerk voller Sehnsucht, Melancholie sowie Leidenschaft und unb\u00e4ndiger Tanzlust.<\/p>\n\n\n\n<p>Die S\u00e4ngerin Suzana Djordjevic ist vor allem als langj\u00e4hrige Frontfrau der Balkan Brass Band &#8222;Ziveli Orkestar&#8220; bekannt, mit der sie internationale Tourneen unternimmt und derzeit an einem vierten gemeinsamen Album bastelt.<br>Der Akkordeonist Ira Shiran spielte in Israel als Solist in verschiedenen Ensembles und Orchestern, bevor er 2016 nach Berlin kam. Seither vertiefte er sich mit seinem Instrument vor allem in die Feinheiten der Balkanmusik. Projekte, an denen er \u00fcberdies mitwirkt, reichen von Klezmer bis zu brasilianischer Musik.<\/p>\n\n\n\n<p>Eintritt frei, Spende erw\u00fcnscht, denn: Spende in den Hut tut gut!<\/p>\n","protected":false},"excerpt":{"rendered":"<p>Das Berliner Balkan-Duo &#8222;Suzana &amp; Ira&#8220; spielt Balkan-Blues und Lebenslustam Sonntag, 04. Juni um 16 Uhrauf dem Kiezplatz Das Berliner Balkan-Duo &#8222;Suzana &amp; Ira&#8220; (Gesang und Akkordeon) nehmen uns auf eine musikalische Reise mit, die zugleich pers\u00f6nlich und global ist: das transportabelste Kulturgut ist schlie\u00dflich das Lied. In ihrem Programm erklingen Roma-Lieder, bosnischer Sevdah, sowie &#8230; <\/p>\n<p class=\"read-more-container\"><a title=\"Balkan-Blues am 4.Juni\" class=\"read-more button\" href=\"https:\/\/moeckernkiez-ev.de\/Wordpress_MK\/2023\/05\/11\/balkan-blues-am-4-juni\/#more-1669\" aria-label=\"Mehr Informationen \u00fcber Balkan-Blues am 4.Juni\">Beitrag lesen<\/a><\/p>\n","protected":false},"author":6,"featured_media":1663,"comment_status":"closed","ping_status":"open","sticky":false,"template":"","format":"standard","meta":{"footnotes":""},"categories":[1,86,73,4],"tags":[],"class_list":["post-1669","post","type-post","status-publish","format-standard","has-post-thumbnail","hentry","category-allgemein","category-archiv","category-konzert","category-veranstaltung"],"publishpress_future_action":{"enabled":false,"date":"2026-05-02 11:48:33","action":"change-status","newStatus":"draft","terms":[],"taxonomy":"category","extraData":[]},"publishpress_future_workflow_manual_trigger":{"enabledWorkflows":[]},"_links":{"self":[{"href":"https:\/\/moeckernkiez-ev.de\/Wordpress_MK\/wp-json\/wp\/v2\/posts\/1669","targetHints":{"allow":["GET"]}}],"collection":[{"href":"https:\/\/moeckernkiez-ev.de\/Wordpress_MK\/wp-json\/wp\/v2\/posts"}],"about":[{"href":"https:\/\/moeckernkiez-ev.de\/Wordpress_MK\/wp-json\/wp\/v2\/types\/post"}],"author":[{"embeddable":true,"href":"https:\/\/moeckernkiez-ev.de\/Wordpress_MK\/wp-json\/wp\/v2\/users\/6"}],"replies":[{"embeddable":true,"href":"https:\/\/moeckernkiez-ev.de\/Wordpress_MK\/wp-json\/wp\/v2\/comments?post=1669"}],"version-history":[{"count":1,"href":"https:\/\/moeckernkiez-ev.de\/Wordpress_MK\/wp-json\/wp\/v2\/posts\/1669\/revisions"}],"predecessor-version":[{"id":1670,"href":"https:\/\/moeckernkiez-ev.de\/Wordpress_MK\/wp-json\/wp\/v2\/posts\/1669\/revisions\/1670"}],"wp:featuredmedia":[{"embeddable":true,"href":"https:\/\/moeckernkiez-ev.de\/Wordpress_MK\/wp-json\/wp\/v2\/media\/1663"}],"wp:attachment":[{"href":"https:\/\/moeckernkiez-ev.de\/Wordpress_MK\/wp-json\/wp\/v2\/media?parent=1669"}],"wp:term":[{"taxonomy":"category","embeddable":true,"href":"https:\/\/moeckernkiez-ev.de\/Wordpress_MK\/wp-json\/wp\/v2\/categories?post=1669"},{"taxonomy":"post_tag","embeddable":true,"href":"https:\/\/moeckernkiez-ev.de\/Wordpress_MK\/wp-json\/wp\/v2\/tags?post=1669"}],"curies":[{"name":"wp","href":"https:\/\/api.w.org\/{rel}","templated":true}]}}