{"id":1680,"date":"2023-05-14T22:35:12","date_gmt":"2023-05-14T20:35:12","guid":{"rendered":"https:\/\/moeckernkiez-ev.de\/Wordpress_MK\/?p=1680"},"modified":"2023-06-20T18:36:22","modified_gmt":"2023-06-20T16:36:22","slug":"was-ist-los-in-suedostasien-gespraech-mit-taz-asienredakteur-sven-hansen","status":"publish","type":"post","link":"https:\/\/moeckernkiez-ev.de\/Wordpress_MK\/2023\/05\/14\/was-ist-los-in-suedostasien-gespraech-mit-taz-asienredakteur-sven-hansen\/","title":{"rendered":"Was ist los in S\u00fcdostasien? Gespr\u00e4ch mit taz-Asienredakteur Sven Hansen"},"content":{"rendered":"\n<p>Die AG Politik l\u00e4dt ein zum Gespr\u00e4ch mit taz-Asienredakteur Sven Hansen am <strong>Montag, 5. Juni 2023<\/strong> um <strong>19:30 Uhr<\/strong> im <strong>Forum<\/strong><\/p>\n\n\n\n<p>Drohende B\u00fcrot\u00fcrme am Gleisdreieck, die Klimakrise, der Krieg in der Ukraine\u2026. Angesichts bedr\u00fcckender Szenarien scheinen Regionen der Welt wie Myanmar oder Singapur weit entfernt. Der M\u00f6ckernkiez-Genosse Sven Hansen bereiste Anfang 2023 zwei Monate lang Thailand, Kambodscha und Singapur. Seine Erfahrungen hat er in einem L\u00e4nderheft S\u00fcd.Ost.Asien beschrieben, das gerade bei Le Monde diplomatique erschienen ist und bei der Leipziger Buchmesse in einem Interview pr\u00e4sentiert wurde. Hier der link:<br><a href=\"https:\/\/taz.de\/Putschisten-Palmoel-People-Power\/!5911727\/\" target=\"_blank\" rel=\"noreferrer noopener\">https:\/\/taz.de\/Putschisten-Palmoel-People-Power\/!5911727\/<\/a><\/p>\n\n\n\n<p>Sven ist seit 25 Jahren Asienredakteur bei der taz. Er organisiert Workshops mit JournalistInnen aus S\u00fcdostasien und betreibt den Han Sens ASIENTALK.<br>Wir freuen uns, dass er unserer Einladung folgt und am 5. Juni ab 19:30 Uhr im Forum von seiner Reise berichten, Fragen beantworten und einige Fotos zeigen wird.<\/p>\n\n\n\n<p><a href=\"https:\/\/moeckernkiez-ev.de\/Wordpress_MK\/wp-content\/uploads\/2023\/05\/Was-ist-los-in-Suedostasien.pdf\">Veranstaltungsinformation als pdf-Datei<\/a><\/p>\n","protected":false},"excerpt":{"rendered":"<p>Die AG Politik l\u00e4dt ein zum Gespr\u00e4ch mit taz-Asienredakteur Sven Hansen am Montag, 5. Juni 2023 um 19:30 Uhr im Forum Drohende B\u00fcrot\u00fcrme am Gleisdreieck, die Klimakrise, der Krieg in der Ukraine\u2026. Angesichts bedr\u00fcckender Szenarien scheinen Regionen der Welt wie Myanmar oder Singapur weit entfernt. Der M\u00f6ckernkiez-Genosse Sven Hansen bereiste Anfang 2023 zwei Monate lang &#8230; <\/p>\n<p class=\"read-more-container\"><a title=\"Was ist los in S\u00fcdostasien? Gespr\u00e4ch mit taz-Asienredakteur Sven Hansen\" class=\"read-more button\" href=\"https:\/\/moeckernkiez-ev.de\/Wordpress_MK\/2023\/05\/14\/was-ist-los-in-suedostasien-gespraech-mit-taz-asienredakteur-sven-hansen\/#more-1680\" aria-label=\"Mehr Informationen \u00fcber Was ist los in S\u00fcdostasien? Gespr\u00e4ch mit taz-Asienredakteur Sven Hansen\">Beitrag lesen<\/a><\/p>\n","protected":false},"author":4,"featured_media":0,"comment_status":"closed","ping_status":"open","sticky":false,"template":"","format":"standard","meta":{"footnotes":""},"categories":[86,64,4,63],"tags":[],"class_list":["post-1680","post","type-post","status-publish","format-standard","hentry","category-archiv","category-politik","category-veranstaltung","category-vortrag"],"publishpress_future_action":{"enabled":false,"date":"2026-05-10 10:44:09","action":"change-status","newStatus":"draft","terms":[],"taxonomy":"category","extraData":[]},"publishpress_future_workflow_manual_trigger":{"enabledWorkflows":[]},"_links":{"self":[{"href":"https:\/\/moeckernkiez-ev.de\/Wordpress_MK\/wp-json\/wp\/v2\/posts\/1680","targetHints":{"allow":["GET"]}}],"collection":[{"href":"https:\/\/moeckernkiez-ev.de\/Wordpress_MK\/wp-json\/wp\/v2\/posts"}],"about":[{"href":"https:\/\/moeckernkiez-ev.de\/Wordpress_MK\/wp-json\/wp\/v2\/types\/post"}],"author":[{"embeddable":true,"href":"https:\/\/moeckernkiez-ev.de\/Wordpress_MK\/wp-json\/wp\/v2\/users\/4"}],"replies":[{"embeddable":true,"href":"https:\/\/moeckernkiez-ev.de\/Wordpress_MK\/wp-json\/wp\/v2\/comments?post=1680"}],"version-history":[{"count":3,"href":"https:\/\/moeckernkiez-ev.de\/Wordpress_MK\/wp-json\/wp\/v2\/posts\/1680\/revisions"}],"predecessor-version":[{"id":1692,"href":"https:\/\/moeckernkiez-ev.de\/Wordpress_MK\/wp-json\/wp\/v2\/posts\/1680\/revisions\/1692"}],"wp:attachment":[{"href":"https:\/\/moeckernkiez-ev.de\/Wordpress_MK\/wp-json\/wp\/v2\/media?parent=1680"}],"wp:term":[{"taxonomy":"category","embeddable":true,"href":"https:\/\/moeckernkiez-ev.de\/Wordpress_MK\/wp-json\/wp\/v2\/categories?post=1680"},{"taxonomy":"post_tag","embeddable":true,"href":"https:\/\/moeckernkiez-ev.de\/Wordpress_MK\/wp-json\/wp\/v2\/tags?post=1680"}],"curies":[{"name":"wp","href":"https:\/\/api.w.org\/{rel}","templated":true}]}}