{"id":182,"date":"2022-12-16T13:42:20","date_gmt":"2022-12-16T12:42:20","guid":{"rendered":"http:\/\/localhost:8888\/?p=182"},"modified":"2023-07-02T22:37:39","modified_gmt":"2023-07-02T20:37:39","slug":"zusatzkurs-sicherer-umgang-mit-dem-smartphone-im-januar","status":"publish","type":"post","link":"https:\/\/moeckernkiez-ev.de\/Wordpress_MK\/2022\/12\/16\/zusatzkurs-sicherer-umgang-mit-dem-smartphone-im-januar\/","title":{"rendered":"Zusatzkurs-Sicherer Umgang mit dem Smartphone im Januar"},"content":{"rendered":"\n<p><\/p>\n\n\n\n<div class=\"wp-block-media-text alignwide is-stacked-on-mobile\"><figure class=\"wp-block-media-text__media\"><img loading=\"lazy\" decoding=\"async\" width=\"365\" height=\"243\" src=\"https:\/\/moeckernkiez-ev.de\/Wordpress_MK\/wp-content\/uploads\/2022\/12\/Smartphone-Kurs.jpg\" alt=\"\" class=\"wp-image-184 size-full\" srcset=\"https:\/\/moeckernkiez-ev.de\/Wordpress_MK\/wp-content\/uploads\/2022\/12\/Smartphone-Kurs.jpg 365w, https:\/\/moeckernkiez-ev.de\/Wordpress_MK\/wp-content\/uploads\/2022\/12\/Smartphone-Kurs-300x200.jpg 300w\" sizes=\"auto, (max-width: 365px) 100vw, 365px\" \/><\/figure><div class=\"wp-block-media-text__content\">\n<p>Der im letzten Newsletter angek\u00fcndigte Kurs stie\u00df auf reges Interesse und war schnell ausgebucht. Wir haben uns deshalb um weitere Termine f\u00fcr einen Einsteiger:innen-Kurs bem\u00fcht und erhielten von der VHS-Referentin Frau Schwedtner die Zusage. Der Kurs richtet sich vor allem nach den Bed\u00fcrfnissen der Teilnehmer:innen. Daher kann es sein \u2013 wenn ein bestimmtes Thema die Gruppe mehr interessiert \u2013, dass eines der Themen entf\u00e4llt.<\/p>\n<\/div><\/div>\n\n\n\n<p>Es sind keine Vorkenntnisse erforderlich, erste Erfahrungen jedoch hilfreich.<br>Inhalte:<br>&#8211; Versenden und empfangen von Nachrichten und Bildern &#8211; Signal, Telegram, WhatsApp und Co. &#8211;&nbsp;welche Apps gibt es f\u00fcr die Kommunikation?<br>&#8211; Wie richte ich mir ein E-Mail-Konto auf meinem Ger\u00e4t ein?<br>&#8211; Welche Einstellungen sind ratsam?<br>&#8211; Wie richte ich mir eine Internetverbindung ein?<br>&#8211; Wie installiere und deinstalliere ich Apps?<br>&#8211; Wie suche und finde ich Informationen und Produkte im Internet?<br>&#8211; Hilfe zur Selbsthilfe \u2013 Wie finde ich selbst eine L\u00f6sung? &#8211; Wichtige Sicherheitshinweise<\/p>\n\n\n\n<p>So, nun nicht lange z\u00f6gern: Anmelden, Ger\u00e4te besorgen und Akkus laden. Verbindliche Anmeldung mit Zahlung: Im Werkraum montags von 17.30 Uhr bis 19:00 Uhr w\u00e4hrend der Computersprechstunde, oder per E-Mail an <a href=\"mailto:vhskurs@moeckernkiez.org\">vhskurs@moeckernkiez.org<\/a> \u2013 Namen und E-Mailadresse angeben, oder per Online Formular auf dieser Seite <a href=\"https:\/\/moeckernkiez.org\/?p=15399\">https:\/\/moeckernkiez.org\/?p=15399<\/a><\/p>\n\n\n\n<p>Kosten:\u00a045 \u20ac\u00a0\u00a0<br>Mindestteilnehmerzahl: 10 <a href=\"https:\/\/moeckernkiez.org\/?p=15399\"><\/a><\/p>\n\n\n\n<p><strong>Termine: 29., 30. November und 1. Dezember 2022, <\/strong><br><strong>jeweils von 13.15\u00a0&#8211; 16.30 Uhr im Forum<br><\/strong><em>Foto: Pixabay<\/em><\/p>\n","protected":false},"excerpt":{"rendered":"<p>Der im letzten Newsletter angek\u00fcndigte Kurs stie\u00df auf reges Interesse und war schnell ausgebucht. Wir haben uns deshalb um weitere Termine f\u00fcr einen Einsteiger:innen-Kurs bem\u00fcht und erhielten von der VHS-Referentin Frau Schwedtner die Zusage. Der Kurs richtet sich vor allem nach den Bed\u00fcrfnissen der Teilnehmer:innen. Daher kann es sein \u2013 wenn ein bestimmtes Thema die &#8230; <\/p>\n<p class=\"read-more-container\"><a title=\"Zusatzkurs-Sicherer Umgang mit dem Smartphone im Januar\" class=\"read-more button\" href=\"https:\/\/moeckernkiez-ev.de\/Wordpress_MK\/2022\/12\/16\/zusatzkurs-sicherer-umgang-mit-dem-smartphone-im-januar\/#more-182\" aria-label=\"Mehr Informationen \u00fcber Zusatzkurs-Sicherer Umgang mit dem Smartphone im Januar\">Beitrag lesen<\/a><\/p>\n","protected":false},"author":4,"featured_media":184,"comment_status":"closed","ping_status":"open","sticky":false,"template":"","format":"standard","meta":{"footnotes":""},"categories":[86,44,4],"tags":[],"class_list":["post-182","post","type-post","status-publish","format-standard","has-post-thumbnail","hentry","category-archiv","category-kurs","category-veranstaltung"],"publishpress_future_action":{"enabled":false,"date":"2026-05-03 09:41:42","action":"change-status","newStatus":"draft","terms":[],"taxonomy":"category","extraData":[]},"publishpress_future_workflow_manual_trigger":{"enabledWorkflows":[]},"_links":{"self":[{"href":"https:\/\/moeckernkiez-ev.de\/Wordpress_MK\/wp-json\/wp\/v2\/posts\/182","targetHints":{"allow":["GET"]}}],"collection":[{"href":"https:\/\/moeckernkiez-ev.de\/Wordpress_MK\/wp-json\/wp\/v2\/posts"}],"about":[{"href":"https:\/\/moeckernkiez-ev.de\/Wordpress_MK\/wp-json\/wp\/v2\/types\/post"}],"author":[{"embeddable":true,"href":"https:\/\/moeckernkiez-ev.de\/Wordpress_MK\/wp-json\/wp\/v2\/users\/4"}],"replies":[{"embeddable":true,"href":"https:\/\/moeckernkiez-ev.de\/Wordpress_MK\/wp-json\/wp\/v2\/comments?post=182"}],"version-history":[{"count":1,"href":"https:\/\/moeckernkiez-ev.de\/Wordpress_MK\/wp-json\/wp\/v2\/posts\/182\/revisions"}],"predecessor-version":[{"id":1899,"href":"https:\/\/moeckernkiez-ev.de\/Wordpress_MK\/wp-json\/wp\/v2\/posts\/182\/revisions\/1899"}],"wp:featuredmedia":[{"embeddable":true,"href":"https:\/\/moeckernkiez-ev.de\/Wordpress_MK\/wp-json\/wp\/v2\/media\/184"}],"wp:attachment":[{"href":"https:\/\/moeckernkiez-ev.de\/Wordpress_MK\/wp-json\/wp\/v2\/media?parent=182"}],"wp:term":[{"taxonomy":"category","embeddable":true,"href":"https:\/\/moeckernkiez-ev.de\/Wordpress_MK\/wp-json\/wp\/v2\/categories?post=182"},{"taxonomy":"post_tag","embeddable":true,"href":"https:\/\/moeckernkiez-ev.de\/Wordpress_MK\/wp-json\/wp\/v2\/tags?post=182"}],"curies":[{"name":"wp","href":"https:\/\/api.w.org\/{rel}","templated":true}]}}