{"id":1881,"date":"2023-06-30T14:04:37","date_gmt":"2023-06-30T12:04:37","guid":{"rendered":"https:\/\/moeckernkiez-ev.de\/Wordpress_MK\/?p=1881"},"modified":"2023-06-30T15:57:34","modified_gmt":"2023-06-30T13:57:34","slug":"stoppt-die-urbane-mitte","status":"publish","type":"post","link":"https:\/\/moeckernkiez-ev.de\/Wordpress_MK\/2023\/06\/30\/stoppt-die-urbane-mitte\/","title":{"rendered":"Stoppt die &#8222;Urbane Mitte&#8220;"},"content":{"rendered":"\n<p>Was k\u00f6nnen wir tun? <\/p>\n\n\n\n<ul class=\"wp-block-list\">\n<li><strong>Online Petition<\/strong> unterschreiben: <a rel=\"noreferrer noopener\" class=\"\" href=\"https:\/\/weact.campact.de\/p\/gleisdreieck\" target=\"_blank\">https:\/\/weact.campact.de\/p\/gleisdreieck<\/a><br>Beginn der Unterschriftenaktion &#8222;Stop Urbane Mitte am Gleisdreieck &#8211; f\u00fcr einen Neustart der Planungen&#8220;. Mit der Petition werden die Mitglieder der Bezirksverordnetenversammlung Friedrichshain-Kreuzberg und die Mitglieder des Abgeordnetenhauses von Berlin aufgefordert, den Bebauungspl\u00e4nen mit den sieben Hochh\u00e4usern der Urbanen Mitte nicht zuzustimmen, sondern sich stattdessen f\u00fcr einen Neustart der Planungen einzusetzen. &#8222;Wir w\u00fcnschen uns hier \u00f6ffentliche, gemeinwohlorientierte Nutzungen, die sich dem Park zuwenden, die R\u00fccksicht nehmen auf die \u00f6kologischen Belange und die die denkmalgesch\u00fctzten Anlagen des Gleisdreiecks respektieren&#8220; hei\u00dft es in der Begr\u00fcndung.<\/li>\n\n\n\n<li>Informiert bleiben und die neuesten Beitrage auf der Seite <a rel=\"noreferrer noopener\" href=\"https:\/\/gleisdreieck-blog.de\/\" target=\"_blank\">https:\/\/gleisdreieck-retten.de\/ <\/a>lesen und  den <a href=\"https:\/\/gleisdreieck-retten.de\/newsletter\/\" target=\"_blank\" rel=\"noreferrer noopener\">Newsletter abonnieren<\/a>.<\/li>\n\n\n\n<li>Mitmachen und Mitreden beim <strong>Aktionstag<\/strong> am <strong>Sonntag<\/strong>, <strong>2. Juli, 15 bis 18 Uhr am Stellwerk\/Skaterbahn<\/strong>. <br>Respektiert die \u201eUrbane Mitte\u201c unseren Park oder degradiert sie ihn zu einer Kulisse f\u00fcr Investoren? Wie sind die Gr\u00f6\u00dfenverh\u00e4ltnisse? Wo steht welcher Turm, was verschwindet alles hinter den Glasfassaden? In Gespr\u00e4chen zeigt sich immer wieder, dass sich viele Menschen schwer tun, die dramatischen Wirkungen der Hochh\u00e4user auf die Aufenthaltsqualit\u00e4t des Parks zu begreifen.&nbsp;Darum haben einige Aktive aus der Initiative Urbane Mitte ein anschauliches Modell im Ma\u00dfstab 1:200 gebaut. Am n\u00e4chsten Aktionssonntag werden sie dieses erstmals vorstellen und daran mit den Besuchern die Folgen f\u00fcr Mensch und Umwelt er\u00f6rtern. <br>Au\u00dferdem wird Matthias Bauer \u00fcber den aktuellen Stand des Genehmigungsverfahrens berichten. Geht es nach Baustadtrat Schmidt, soll schon im Herbst in der Bezirksverordnetenversammlung eine Entscheidung fallen(siehe Bericht <a rel=\"noreferrer noopener\" href=\"https:\/\/gleisdreieck-retten.de\/2023\/06\/23\/bebauungsplan-urbane-mitte-sued-entscheidung-schon-in-diesem-herbst\/\" target=\"_blank\">hier<\/a>). Wie kann dieses Hauruckverfahren gestoppt werden? Auch dar\u00fcber wollen wir diskutieren.<\/li>\n\n\n\n<li>Unterschriftenlisten schnappen und im Park sammeln. Denn jetzt braucht es richtig Druck aus der Zivilgesellschaft.<\/li>\n<\/ul>\n","protected":false},"excerpt":{"rendered":"<p>Was k\u00f6nnen wir tun?<\/p>\n","protected":false},"author":4,"featured_media":0,"comment_status":"closed","ping_status":"open","sticky":false,"template":"","format":"standard","meta":{"footnotes":""},"categories":[79,64],"tags":[],"class_list":["post-1881","post","type-post","status-publish","format-standard","hentry","category-kreuzberger-nachbarschaft","category-politik"],"publishpress_future_action":{"enabled":false,"date":"2026-05-02 11:48:33","action":"change-status","newStatus":"draft","terms":[],"taxonomy":"category","extraData":[]},"publishpress_future_workflow_manual_trigger":{"enabledWorkflows":[]},"_links":{"self":[{"href":"https:\/\/moeckernkiez-ev.de\/Wordpress_MK\/wp-json\/wp\/v2\/posts\/1881","targetHints":{"allow":["GET"]}}],"collection":[{"href":"https:\/\/moeckernkiez-ev.de\/Wordpress_MK\/wp-json\/wp\/v2\/posts"}],"about":[{"href":"https:\/\/moeckernkiez-ev.de\/Wordpress_MK\/wp-json\/wp\/v2\/types\/post"}],"author":[{"embeddable":true,"href":"https:\/\/moeckernkiez-ev.de\/Wordpress_MK\/wp-json\/wp\/v2\/users\/4"}],"replies":[{"embeddable":true,"href":"https:\/\/moeckernkiez-ev.de\/Wordpress_MK\/wp-json\/wp\/v2\/comments?post=1881"}],"version-history":[{"count":4,"href":"https:\/\/moeckernkiez-ev.de\/Wordpress_MK\/wp-json\/wp\/v2\/posts\/1881\/revisions"}],"predecessor-version":[{"id":1888,"href":"https:\/\/moeckernkiez-ev.de\/Wordpress_MK\/wp-json\/wp\/v2\/posts\/1881\/revisions\/1888"}],"wp:attachment":[{"href":"https:\/\/moeckernkiez-ev.de\/Wordpress_MK\/wp-json\/wp\/v2\/media?parent=1881"}],"wp:term":[{"taxonomy":"category","embeddable":true,"href":"https:\/\/moeckernkiez-ev.de\/Wordpress_MK\/wp-json\/wp\/v2\/categories?post=1881"},{"taxonomy":"post_tag","embeddable":true,"href":"https:\/\/moeckernkiez-ev.de\/Wordpress_MK\/wp-json\/wp\/v2\/tags?post=1881"}],"curies":[{"name":"wp","href":"https:\/\/api.w.org\/{rel}","templated":true}]}}