{"id":1983,"date":"2023-07-16T13:40:23","date_gmt":"2023-07-16T11:40:23","guid":{"rendered":"https:\/\/moeckernkiez-ev.de\/Wordpress_MK\/?p=1983"},"modified":"2023-07-17T20:03:05","modified_gmt":"2023-07-17T18:03:05","slug":"giess-den-kiez-giessaktion-mit-kindern","status":"publish","type":"post","link":"https:\/\/moeckernkiez-ev.de\/Wordpress_MK\/2023\/07\/16\/giess-den-kiez-giessaktion-mit-kindern\/","title":{"rendered":"\u201eGiess den Kiez\u201c-Gie\u00dfaktion mit Kindern"},"content":{"rendered":"\n<p><br>Schon zum dritten Mal trafen sich an einem sonnigen Samstag ein Paar Menschen aus dem Kiez, um mit Ihren Kindern die im Fr\u00fchjahr vom Bezirk neu gepflanzten B\u00e4ume auf dem Mittelstreifen der Yorckstra\u00dfe zu gie\u00dfen.<br>Mit jeder Menge Gie\u00dfkannen (aus dem Gartenlager) und Eimern, einem Einkaufswagen und einem Lastenfahrad bewaffnet haben wir viel Wasser zu den einzelnen B\u00e4umen gebracht. Da jeder Baum 100 Liter Wasser bekommen sollte, hat das ganz schon lange gedauert und zum Nachf\u00fcllen mussten wir einige Male \u00fcber die Stra\u00dfe zum Wasseranschluss in der Tiefgarage. Die Kinder waren begeistert und voll dabei. Und auch bei den Gro\u00dfen stellte sich ein angenehmes Bauchgef\u00fchl ein, diesen traurigen B\u00e4umchen etwas Gutes zu tun.<\/p>\n\n\n\n<p>Die B\u00e4ume sind bei der Pflanzung zwischen 3-5 Jahre alt und sind in den ersten Jahren noch ausschlie\u00dflich auf Wasser \u201evon oben\u201c angewiesen, bis sich Ihre Wurzeln so weit nach unten entwickelt haben, dass sie sich selbst \u00fcber das Grundwasser versorgen k\u00f6nnen. Der Bezirk gie\u00dft die B\u00e4ume jedoch nicht, da die Pflege teurer ist, als den ein oder anderen Baum \u2013 sollte er sterben \u2013 zu ersetzen.<\/p>\n\n\n\n<p><br>Junge B\u00e4ume brauchen viel Wasser. Bis zu 200 l pro Woche. Selbst bei den starken Regenf\u00e4llen der letzten Wochen, muss nach einiger Zeit wieder gegossen werden. Meist ist die Erde in Hitzeperioden so trocken, dass sie Regen gar nicht so gut aufnehmen kann.<br>Auf der Plattform \u201e<a rel=\"noreferrer noopener\" href=\"https:\/\/www.giessdenkiez.de\/tree\/_21002aef85\" target=\"_blank\">Gie\u00df den Kiez<\/a>\u201c sind (fast) alle Berliner Stadtb\u00e4ume eingezeichnet und man kann sehen, wieviel Regen sie im letzten Monat abbekommen haben. Wenn jemand aktiv gie\u00dft, sich auf der Plattform einloggt und seine Gie\u00dfung vermerkt, wird auch diese angezeigt.<\/p>\n\n\n\n<figure class=\"wp-block-gallery has-nested-images columns-default is-cropped wp-block-gallery-1 is-layout-flex wp-block-gallery-is-layout-flex\">\n<figure class=\"wp-block-image size-large\"><img loading=\"lazy\" decoding=\"async\" width=\"499\" height=\"349\" data-id=\"1987\" src=\"https:\/\/moeckernkiez-ev.de\/Wordpress_MK\/wp-content\/uploads\/2023\/07\/Giess-den-kiez-1.png\" alt=\"\" class=\"wp-image-1987\" srcset=\"https:\/\/moeckernkiez-ev.de\/Wordpress_MK\/wp-content\/uploads\/2023\/07\/Giess-den-kiez-1.png 499w, https:\/\/moeckernkiez-ev.de\/Wordpress_MK\/wp-content\/uploads\/2023\/07\/Giess-den-kiez-1-300x210.png 300w\" sizes=\"auto, (max-width: 499px) 100vw, 499px\" \/><\/figure>\n\n\n\n<figure class=\"wp-block-image size-large\"><img loading=\"lazy\" decoding=\"async\" width=\"320\" height=\"231\" data-id=\"1988\" src=\"https:\/\/moeckernkiez-ev.de\/Wordpress_MK\/wp-content\/uploads\/2023\/07\/Giess-den-kiez-2.png\" alt=\"\" class=\"wp-image-1988\" srcset=\"https:\/\/moeckernkiez-ev.de\/Wordpress_MK\/wp-content\/uploads\/2023\/07\/Giess-den-kiez-2.png 320w, https:\/\/moeckernkiez-ev.de\/Wordpress_MK\/wp-content\/uploads\/2023\/07\/Giess-den-kiez-2-300x217.png 300w\" sizes=\"auto, (max-width: 320px) 100vw, 320px\" \/><\/figure>\n<\/figure>\n\n\n\n<p><\/p>\n\n\n\n<p>Auf der Karte ist verzeichnet, um was f\u00fcr einen Baum es sich handelt, wie alt er ist und wieviel Wasserbedarf er hat. Auch wird erkl\u00e4rt, wieviel Wasserbedarf B\u00e4ume verschiedener Altersklassen haben. Ein Baum zwischen 4 und 15 Jahren braucht 200 l Wasser pro Woche. Das ist fast nicht zu schaffen, insbesondere wenn es keinen Wasseranschluss vor Ort gibt und das Wasser weit transportiert werden muss. Trotzdem, oder gerade deshalb, sollten wir die B\u00e4ume nicht sich selber \u00fcberlassen und wenigstens etwas Abhilfe schaffen. Leider sind die ganz jungen B\u00e4ume auf der Karte noch nicht eingezeichnet und werden vermutlich erst im n\u00e4chsten Jahr erscheinen. <\/p>\n\n\n\n<figure class=\"wp-block-image size-full is-resized\"><img loading=\"lazy\" decoding=\"async\" src=\"https:\/\/moeckernkiez-ev.de\/Wordpress_MK\/wp-content\/uploads\/2023\/07\/Giess-den-kiez-4.png\" alt=\"\" class=\"wp-image-1990\" width=\"669\" height=\"293\" srcset=\"https:\/\/moeckernkiez-ev.de\/Wordpress_MK\/wp-content\/uploads\/2023\/07\/Giess-den-kiez-4.png 605w, https:\/\/moeckernkiez-ev.de\/Wordpress_MK\/wp-content\/uploads\/2023\/07\/Giess-den-kiez-4-300x131.png 300w\" sizes=\"auto, (max-width: 669px) 100vw, 669px\" \/><\/figure>\n\n\n\n<p><\/p>\n\n\n\n<figure class=\"wp-block-gallery has-nested-images columns-4 is-cropped wp-block-gallery-2 is-layout-flex wp-block-gallery-is-layout-flex\">\n<figure class=\"wp-block-image size-medium\"><img loading=\"lazy\" decoding=\"async\" width=\"151\" height=\"300\" data-id=\"1989\" src=\"https:\/\/moeckernkiez-ev.de\/Wordpress_MK\/wp-content\/uploads\/2023\/07\/Giess-den-kiez-3-151x300.png\" alt=\"\" class=\"wp-image-1989\" srcset=\"https:\/\/moeckernkiez-ev.de\/Wordpress_MK\/wp-content\/uploads\/2023\/07\/Giess-den-kiez-3-151x300.png 151w, https:\/\/moeckernkiez-ev.de\/Wordpress_MK\/wp-content\/uploads\/2023\/07\/Giess-den-kiez-3.png 207w\" sizes=\"auto, (max-width: 151px) 100vw, 151px\" \/><\/figure>\n\n\n\n<figure class=\"wp-block-image size-large\"><img loading=\"lazy\" decoding=\"async\" width=\"768\" height=\"1024\" data-id=\"1992\" src=\"https:\/\/moeckernkiez-ev.de\/Wordpress_MK\/wp-content\/uploads\/2023\/07\/IMG_20230708_111450-768x1024.jpeg\" alt=\"\" class=\"wp-image-1992\" srcset=\"https:\/\/moeckernkiez-ev.de\/Wordpress_MK\/wp-content\/uploads\/2023\/07\/IMG_20230708_111450-768x1024.jpeg 768w, https:\/\/moeckernkiez-ev.de\/Wordpress_MK\/wp-content\/uploads\/2023\/07\/IMG_20230708_111450-225x300.jpeg 225w, https:\/\/moeckernkiez-ev.de\/Wordpress_MK\/wp-content\/uploads\/2023\/07\/IMG_20230708_111450.jpeg 1080w\" sizes=\"auto, (max-width: 768px) 100vw, 768px\" \/><\/figure>\n\n\n\n<figure class=\"wp-block-image size-large\"><img loading=\"lazy\" decoding=\"async\" width=\"1024\" height=\"768\" data-id=\"1991\" src=\"https:\/\/moeckernkiez-ev.de\/Wordpress_MK\/wp-content\/uploads\/2023\/07\/IMG_20230708_111114-1024x768.jpeg\" alt=\"\" class=\"wp-image-1991\" srcset=\"https:\/\/moeckernkiez-ev.de\/Wordpress_MK\/wp-content\/uploads\/2023\/07\/IMG_20230708_111114-1024x768.jpeg 1024w, https:\/\/moeckernkiez-ev.de\/Wordpress_MK\/wp-content\/uploads\/2023\/07\/IMG_20230708_111114-300x225.jpeg 300w, https:\/\/moeckernkiez-ev.de\/Wordpress_MK\/wp-content\/uploads\/2023\/07\/IMG_20230708_111114-768x576.jpeg 768w, https:\/\/moeckernkiez-ev.de\/Wordpress_MK\/wp-content\/uploads\/2023\/07\/IMG_20230708_111114.jpeg 1080w\" sizes=\"auto, (max-width: 1024px) 100vw, 1024px\" \/><\/figure>\n\n\n\n<figure class=\"wp-block-image size-large\"><img loading=\"lazy\" decoding=\"async\" width=\"480\" height=\"640\" data-id=\"2021\" src=\"https:\/\/moeckernkiez-ev.de\/Wordpress_MK\/wp-content\/uploads\/2023\/07\/IMG_20230614_074140.jpg\" alt=\"\" class=\"wp-image-2021\" srcset=\"https:\/\/moeckernkiez-ev.de\/Wordpress_MK\/wp-content\/uploads\/2023\/07\/IMG_20230614_074140.jpg 480w, https:\/\/moeckernkiez-ev.de\/Wordpress_MK\/wp-content\/uploads\/2023\/07\/IMG_20230614_074140-225x300.jpg 225w\" sizes=\"auto, (max-width: 480px) 100vw, 480px\" \/><\/figure>\n<\/figure>\n\n\n\n<p><br><strong>Hier ein paar Tipps, falls ihr das auch mal machen wollt:<\/strong><\/p>\n\n\n\n<ul class=\"wp-block-list\">\n<li>Am l\u00e4ngsten dauert das F\u00fcllen der Kannen. Wenn Ihr eine gro\u00dfe Gie\u00dfaktion macht, macht es Sinn zwei Gruppen an zwei Wasseranschl\u00fcssen zu bilden. Oder jemand bleibt am Wasserhahn und f\u00fcllt die Gie\u00dfkannen und die andere Gruppe bringt die Kannen zu den B\u00e4umen.<br><\/li>\n\n\n\n<li>Lastenr\u00e4der oder Einkaufswagen sind sehr hilfreich zum Transportieren mehrerer Kannen, die sonst m\u00fchsam einzeln getragen werden m\u00fcssen. Ein Wagen befindet sich im Gartenraum.<br><\/li>\n\n\n\n<li>Die gro\u00dfen Gie\u00dfkannen sind meist zu schwer f\u00fcr die Kinder. Nehmt auch ein paar kleinere Eimer oder Gie\u00dfkannen mit, damit die Kids auch aktiv sein k\u00f6nnen.<br><\/li>\n\n\n\n<li>Tip von Elias: Man muss den Schlauch nicht immer abdrehen, wenn man die Gie\u00dfkanne wechselt. Er kann auch einfach kurz geknickt werden, dann kommt nichts mehr raus.<br><\/li>\n\n\n\n<li>Die B\u00e4ume lieber einmal richtig viel gie\u00dfen als jeden Tag ein bisschen.<br><\/li>\n\n\n\n<li>Das Wasser am besten in die Gie\u00dfringe kippen. Da kann es nicht so einfach \u201eweglaufen\u201c.<br><\/li>\n\n\n\n<li>Ihr wollt Euch einen Baum aussuchen und diesen regelm\u00e4\u00dfig gie\u00dfen? Dann befestigt doch einfach ein laminiertes Schild mit Eurem Namen am Baumger\u00fcst. Ist der Baum schon im \u201eGiess den Kiez\u201c Verzeichnis, macht es Sinn, dass Ihr Eure Gie\u00dfung eintragt. Und wenn Ihr es dann doch nicht schafft, den Baum regelm\u00e4\u00dfig zu gie\u00dfen, k\u00f6nnt Ihr das Schild ja wieder abmachen\u2026<br><\/li>\n\n\n\n<li>F\u00fcr die Gie\u00dfaktion ben\u00f6tigt Ihr einen Wasserhahnschl\u00fcssel Gr\u00f6\u00dfe X (gibt\u2019s im Baumarkt f\u00fcr 2 \u20ac oder beim Gr\u00fcnen Daumen ausleihen). Bei manchen Wasserh\u00e4hnen fehlt der Schlauchadapter (x Zoll). Auch diesen gibt es g\u00fcnstig zu kaufen oder beim Gr\u00fcnen Daumen zu leihen.<br><\/li>\n\n\n\n<li>Am besten eignet sich der Wasseranschluss in der Tiefgarage (beim Parkscheinautomaten). Wenn das Tor zu ist, fragt einfach bei Nisk, ob sie Euch aufschlie\u00dfen.<br><\/li>\n\n\n\n<li>Wenn man einen Baum mit einem Schlauch gie\u00dft, dauert es zwischen 10 und 15 Minuten, bis 200 l rausgelaufen sind.<br><\/li>\n\n\n\n<li>Auf der Karte werden auch \u00f6ffentliche Pumpen angezeigt. Falls Euch das mit den Schl\u00e4uchen zu nervig ist.<br><\/li>\n\n\n\n<li>Die n\u00e4chste Gie\u00dfaktion wird im Vereinskalender eingetragen. Wenn Ihr mitmachen wollt, kommt vorbei und bringt ein paar Eimer mit.<br><\/li>\n<\/ul>\n\n\n\n<p>JK<\/p>\n","protected":false},"excerpt":{"rendered":"<p>Schon zum dritten Mal trafen sich an einem sonnigen Samstag ein Paar Menschen aus dem Kiez, um mit Ihren Kindern die im Fr\u00fchjahr vom Bezirk neu gepflanzten B\u00e4ume auf dem Mittelstreifen der Yorckstra\u00dfe zu gie\u00dfen.Mit jeder Menge Gie\u00dfkannen (aus dem Gartenlager) und Eimern, einem Einkaufswagen und einem Lastenfahrad bewaffnet haben wir viel Wasser zu den &#8230; <\/p>\n<p class=\"read-more-container\"><a title=\"\u201eGiess den Kiez\u201c-Gie\u00dfaktion mit Kindern\" class=\"read-more button\" href=\"https:\/\/moeckernkiez-ev.de\/Wordpress_MK\/2023\/07\/16\/giess-den-kiez-giessaktion-mit-kindern\/#more-1983\" aria-label=\"Mehr Informationen \u00fcber \u201eGiess den Kiez\u201c-Gie\u00dfaktion mit Kindern\">Beitrag lesen<\/a><\/p>\n","protected":false},"author":4,"featured_media":1991,"comment_status":"closed","ping_status":"open","sticky":false,"template":"","format":"standard","meta":{"footnotes":""},"categories":[91,88,11],"tags":[],"class_list":["post-1983","post","type-post","status-publish","format-standard","has-post-thumbnail","hentry","category-familien","category-gruener-daumen","category-klimaschutz"],"publishpress_future_action":{"enabled":false,"date":"2026-05-05 03:29:33","action":"change-status","newStatus":"draft","terms":[],"taxonomy":"category","extraData":[]},"publishpress_future_workflow_manual_trigger":{"enabledWorkflows":[]},"_links":{"self":[{"href":"https:\/\/moeckernkiez-ev.de\/Wordpress_MK\/wp-json\/wp\/v2\/posts\/1983","targetHints":{"allow":["GET"]}}],"collection":[{"href":"https:\/\/moeckernkiez-ev.de\/Wordpress_MK\/wp-json\/wp\/v2\/posts"}],"about":[{"href":"https:\/\/moeckernkiez-ev.de\/Wordpress_MK\/wp-json\/wp\/v2\/types\/post"}],"author":[{"embeddable":true,"href":"https:\/\/moeckernkiez-ev.de\/Wordpress_MK\/wp-json\/wp\/v2\/users\/4"}],"replies":[{"embeddable":true,"href":"https:\/\/moeckernkiez-ev.de\/Wordpress_MK\/wp-json\/wp\/v2\/comments?post=1983"}],"version-history":[{"count":14,"href":"https:\/\/moeckernkiez-ev.de\/Wordpress_MK\/wp-json\/wp\/v2\/posts\/1983\/revisions"}],"predecessor-version":[{"id":2023,"href":"https:\/\/moeckernkiez-ev.de\/Wordpress_MK\/wp-json\/wp\/v2\/posts\/1983\/revisions\/2023"}],"wp:featuredmedia":[{"embeddable":true,"href":"https:\/\/moeckernkiez-ev.de\/Wordpress_MK\/wp-json\/wp\/v2\/media\/1991"}],"wp:attachment":[{"href":"https:\/\/moeckernkiez-ev.de\/Wordpress_MK\/wp-json\/wp\/v2\/media?parent=1983"}],"wp:term":[{"taxonomy":"category","embeddable":true,"href":"https:\/\/moeckernkiez-ev.de\/Wordpress_MK\/wp-json\/wp\/v2\/categories?post=1983"},{"taxonomy":"post_tag","embeddable":true,"href":"https:\/\/moeckernkiez-ev.de\/Wordpress_MK\/wp-json\/wp\/v2\/tags?post=1983"}],"curies":[{"name":"wp","href":"https:\/\/api.w.org\/{rel}","templated":true}]}}