{"id":2448,"date":"2023-11-06T19:37:27","date_gmt":"2023-11-06T18:37:27","guid":{"rendered":"https:\/\/moeckernkiez-ev.de\/Wordpress_MK\/?p=2448"},"modified":"2023-10-06T19:47:27","modified_gmt":"2023-10-06T17:47:27","slug":"einladung-zu-vortrag-und-gespraechsrunde-mit-lorenz-voelker-und-johannes-spohr-am-sonntag-12-november-2023-um-1800-uhr","status":"publish","type":"post","link":"https:\/\/moeckernkiez-ev.de\/Wordpress_MK\/2023\/11\/06\/einladung-zu-vortrag-und-gespraechsrunde-mit-lorenz-voelker-und-johannes-spohr-am-sonntag-12-november-2023-um-1800-uhr\/","title":{"rendered":"Einladung zu Vortrag und Gespr\u00e4chsrunde mit Lorenz V\u00f6lker und Johannes Spohr am Sonntag, 12. November 2023 um 18:00 Uhr"},"content":{"rendered":"\n<p>M\u00f6ckernkiezverein (Treffpunkt\/Forum) M\u00f6ckernkiez 2, 10963 Berlin<br>(Eingang \u00fcber das Caf\u00e9 M\u00f6ca im Durchgang von der Yorckstrasse 26 zum Kiezplatz)<\/p>\n\n\n\n<p><strong>\u201eWar mein Gro\u00dfvater ein Nazi?\u201c<\/strong><\/p>\n\n\n\n<p><strong>Lorenz V\u00f6lker <\/strong>und <strong>Johannes Spohr <\/strong>haben sich beide auf eine Spurensuche nach der Geschichte ihrer Gro\u00dfv\u00e4ter im Dritten Reich und dem Zweiten Weltkrieg gemacht. Deren Geschichte hat das, was sie vorher wussten, in Frage gestellt. Vor allem aber hat die Recherche, das Suchen, die Begegnungen w\u00e4hrend der Suche, aber auch das Nicht-Finden ihr Leben bis heute ver\u00e4ndert.<\/p>\n\n\n\n<p>Im Rahmen dieser Veranstaltung m\u00f6chten wir Sie ermutigen, den Fragen, die Sie an ihre (Familien-) Geschichte haben, nachzugehen. Denn jeder ist heutzutage in der Lage, Antworten auf Fragen zur Familiengeschichte zu finden.<\/p>\n\n\n\n<p>Lorenz V\u00f6lker und Johannes Spohr berichten von ihren Erfahrungen und geben praktische Hinweise zur Recherche.<\/p>\n\n\n\n<div class=\"wp-block-media-text is-stacked-on-mobile\" style=\"grid-template-columns:15% auto\"><figure class=\"wp-block-media-text__media\"><img loading=\"lazy\" decoding=\"async\" width=\"320\" height=\"201\" src=\"https:\/\/moeckernkiez-ev.de\/Wordpress_MK\/wp-content\/uploads\/2023\/10\/Logo_areteVerlag_600dpi_RGB_Word-1.jpeg\" alt=\"\" class=\"wp-image-2500 size-full\" srcset=\"https:\/\/moeckernkiez-ev.de\/Wordpress_MK\/wp-content\/uploads\/2023\/10\/Logo_areteVerlag_600dpi_RGB_Word-1.jpeg 320w, https:\/\/moeckernkiez-ev.de\/Wordpress_MK\/wp-content\/uploads\/2023\/10\/Logo_areteVerlag_600dpi_RGB_Word-1-300x188.jpeg 300w\" sizes=\"auto, (max-width: 320px) 100vw, 320px\" \/><\/figure><div class=\"wp-block-media-text__content\">\n<p>In einer von Christian Becker (Arete Verlag) moderierten Gespr\u00e4chsrunde freuen wir uns \u00fcber Ihre Fragen, die Sie an Ihre (Familien-) Geschichte stellen.<\/p>\n<\/div><\/div>\n\n\n\n<p>Im Anschluss sind alle zu einem Empfang im Caf\u00e9 M\u00f6ca herzlich eingeladen!<\/p>\n\n\n\n<div class=\"wp-block-media-text is-stacked-on-mobile\" style=\"grid-template-columns:15% auto\"><figure class=\"wp-block-media-text__media\"><img loading=\"lazy\" decoding=\"async\" width=\"200\" height=\"320\" src=\"https:\/\/moeckernkiez-ev.de\/Wordpress_MK\/wp-content\/uploads\/2023\/10\/Voelker-Smb-1.jpeg\" alt=\"\" class=\"wp-image-2489 size-full\" srcset=\"https:\/\/moeckernkiez-ev.de\/Wordpress_MK\/wp-content\/uploads\/2023\/10\/Voelker-Smb-1.jpeg 200w, https:\/\/moeckernkiez-ev.de\/Wordpress_MK\/wp-content\/uploads\/2023\/10\/Voelker-Smb-1-188x300.jpeg 188w\" sizes=\"auto, (max-width: 200px) 100vw, 200px\" \/><\/figure><div class=\"wp-block-media-text__content\">\n<p><strong>Lorenz V\u00f6lker <\/strong>(*1970, Lehrer f\u00fcr Geschichte und Sport) hat \u00fcber die Geschichte seines Gro\u00dfvaters und die Spurensuche dazu das Buch \u201eWar mein Gro\u00dfvater ein Nazi?\u201c (erschienen im Arete Verlag) geschrieben.<\/p>\n<\/div><\/div>\n\n\n\n<div class=\"wp-block-media-text has-media-on-the-right is-stacked-on-mobile\" style=\"grid-template-columns:auto 15%\"><div class=\"wp-block-media-text__content\">\n<p><strong>Johannes Spohr <\/strong>(*1982, Historiker) betreibt den Archivrecherchedienst present past (www.present-past.net), der sich auf Recherchen zum Nationalsozialismus in Familie und Gesellschaft spezialisiert hat.<br><\/p>\n<\/div><figure class=\"wp-block-media-text__media\"><img loading=\"lazy\" decoding=\"async\" width=\"240\" height=\"320\" src=\"https:\/\/moeckernkiez-ev.de\/Wordpress_MK\/wp-content\/uploads\/2023\/10\/Spohr-IMG_4157-1.jpeg\" alt=\"\" class=\"wp-image-2490 size-full\" srcset=\"https:\/\/moeckernkiez-ev.de\/Wordpress_MK\/wp-content\/uploads\/2023\/10\/Spohr-IMG_4157-1.jpeg 240w, https:\/\/moeckernkiez-ev.de\/Wordpress_MK\/wp-content\/uploads\/2023\/10\/Spohr-IMG_4157-1-225x300.jpeg 225w\" sizes=\"auto, (max-width: 240px) 100vw, 240px\" \/><\/figure><\/div>\n\n\n\n<p><strong>Eintritt frei, Spende erw\u00fcnscht, denn: Spende in den Hut tut gut!<\/strong><\/p>\n\n\n\n<p><br><\/p>\n\n\n\n<div data-wp-interactive=\"core\/file\" class=\"wp-block-file\"><object data-wp-bind--hidden=\"!state.hasPdfPreview\" hidden class=\"wp-block-file__embed\" data=\"https:\/\/moeckernkiez-ev.de\/Wordpress_MK\/wp-content\/uploads\/2023\/10\/Flyer-Voelker-Spohr-Druck.pdf\" type=\"application\/pdf\" style=\"width:100%;height:600px\" aria-label=\"Einbettung von Flyer-Voelker-Spohr-Druck.\"><\/object><a id=\"wp-block-file--media-e2d80340-7e79-4c17-b1d3-d586cd21895e\" href=\"https:\/\/moeckernkiez-ev.de\/Wordpress_MK\/wp-content\/uploads\/2023\/10\/Flyer-Voelker-Spohr-Druck.pdf\">Flyer-Voelker-Spohr-Druck<\/a><a href=\"https:\/\/moeckernkiez-ev.de\/Wordpress_MK\/wp-content\/uploads\/2023\/10\/Flyer-Voelker-Spohr-Druck.pdf\" class=\"wp-block-file__button wp-element-button\" download aria-describedby=\"wp-block-file--media-e2d80340-7e79-4c17-b1d3-d586cd21895e\">Herunterladen<\/a><\/div>\n","protected":false},"excerpt":{"rendered":"<p>M\u00f6ckernkiezverein (Treffpunkt\/Forum) M\u00f6ckernkiez 2, 10963 Berlin(Eingang \u00fcber das Caf\u00e9 M\u00f6ca im Durchgang von der Yorckstrasse 26 zum Kiezplatz) \u201eWar mein Gro\u00dfvater ein Nazi?\u201c Lorenz V\u00f6lker und Johannes Spohr haben sich beide auf eine Spurensuche nach der Geschichte ihrer Gro\u00dfv\u00e4ter im Dritten Reich und dem Zweiten Weltkrieg gemacht. Deren Geschichte hat das, was sie vorher wussten, &#8230; <\/p>\n<p class=\"read-more-container\"><a title=\"Einladung zu Vortrag und Gespr\u00e4chsrunde mit Lorenz V\u00f6lker und Johannes Spohr am Sonntag, 12. November 2023 um 18:00 Uhr\" class=\"read-more button\" href=\"https:\/\/moeckernkiez-ev.de\/Wordpress_MK\/2023\/11\/06\/einladung-zu-vortrag-und-gespraechsrunde-mit-lorenz-voelker-und-johannes-spohr-am-sonntag-12-november-2023-um-1800-uhr\/#more-2448\" aria-label=\"Mehr Informationen \u00fcber Einladung zu Vortrag und Gespr\u00e4chsrunde mit Lorenz V\u00f6lker und Johannes Spohr am Sonntag, 12. November 2023 um 18:00 Uhr\">Beitrag lesen<\/a><\/p>\n","protected":false},"author":3,"featured_media":0,"comment_status":"closed","ping_status":"open","sticky":false,"template":"","format":"standard","meta":{"footnotes":""},"categories":[86,79,60,5],"tags":[],"class_list":["post-2448","post","type-post","status-publish","format-standard","hentry","category-archiv","category-kreuzberger-nachbarschaft","category-literatur","category-moeca"],"publishpress_future_action":{"enabled":false,"date":"2026-05-07 07:37:24","action":"change-status","newStatus":"draft","terms":[],"taxonomy":"category","extraData":[]},"publishpress_future_workflow_manual_trigger":{"enabledWorkflows":[]},"_links":{"self":[{"href":"https:\/\/moeckernkiez-ev.de\/Wordpress_MK\/wp-json\/wp\/v2\/posts\/2448","targetHints":{"allow":["GET"]}}],"collection":[{"href":"https:\/\/moeckernkiez-ev.de\/Wordpress_MK\/wp-json\/wp\/v2\/posts"}],"about":[{"href":"https:\/\/moeckernkiez-ev.de\/Wordpress_MK\/wp-json\/wp\/v2\/types\/post"}],"author":[{"embeddable":true,"href":"https:\/\/moeckernkiez-ev.de\/Wordpress_MK\/wp-json\/wp\/v2\/users\/3"}],"replies":[{"embeddable":true,"href":"https:\/\/moeckernkiez-ev.de\/Wordpress_MK\/wp-json\/wp\/v2\/comments?post=2448"}],"version-history":[{"count":8,"href":"https:\/\/moeckernkiez-ev.de\/Wordpress_MK\/wp-json\/wp\/v2\/posts\/2448\/revisions"}],"predecessor-version":[{"id":2506,"href":"https:\/\/moeckernkiez-ev.de\/Wordpress_MK\/wp-json\/wp\/v2\/posts\/2448\/revisions\/2506"}],"wp:attachment":[{"href":"https:\/\/moeckernkiez-ev.de\/Wordpress_MK\/wp-json\/wp\/v2\/media?parent=2448"}],"wp:term":[{"taxonomy":"category","embeddable":true,"href":"https:\/\/moeckernkiez-ev.de\/Wordpress_MK\/wp-json\/wp\/v2\/categories?post=2448"},{"taxonomy":"post_tag","embeddable":true,"href":"https:\/\/moeckernkiez-ev.de\/Wordpress_MK\/wp-json\/wp\/v2\/tags?post=2448"}],"curies":[{"name":"wp","href":"https:\/\/api.w.org\/{rel}","templated":true}]}}