{"id":2537,"date":"2023-11-03T22:42:00","date_gmt":"2023-11-03T21:42:00","guid":{"rendered":"https:\/\/moeckernkiez-ev.de\/Wordpress_MK\/?p=2537"},"modified":"2024-02-05T14:58:19","modified_gmt":"2024-02-05T13:58:19","slug":"reinigung-von-stolpersteinen-am-9-november-2023","status":"publish","type":"post","link":"https:\/\/moeckernkiez-ev.de\/Wordpress_MK\/2023\/11\/03\/reinigung-von-stolpersteinen-am-9-november-2023\/","title":{"rendered":"Reinigung von Stolpersteinen am 9. November 2023"},"content":{"rendered":"\n<p>26 Stolpersteine sind bei genauem Hinschauen entlang der<br>Yorckstra\u00dfe zu finden, hinzu kommen drei weitere vor dem<br>Kreuzberger Rathaus. Sie geh\u00f6ren zu den mittlerweile \u00fcber<br>100.000 Stolpersteinen, die der K\u00fcnstler Gunter Demnig in<br>Deutschland und vielen anderen europ\u00e4ischen Staaten zum<br>Gedenken an Opfer der NS-Gewaltherrschaft als Messingplatten<br>im Gehwegpflaster verlegt hat bzw. verlegen l\u00e4sst.<\/p>\n\n\n\n<p>F\u00fcr Bezirksb\u00fcrgermeisterin Clara Herrmann \u201eerz\u00e4hlt jeder<br>Stolperstein eine Geschichte. Er erinnert an Menschen, die hier<br>in unserem Bezirk gelebt und gewirkt haben und er erinnert an<br>die Grausamkeiten, die diesen Menschen w\u00e4hrend des Holocausts<br>widerfahren sind. (\u2026) Der Bezirk steht in der Pflicht, historische<br>Verantwortung zu \u00fcbernehmen. Wir m\u00fcssen uns aktiv gegen<br>Rechtsextremismus, Rassismus und Antisemitismus positionieren (\u2026)<\/p>\n\n\n\n<ul class=\"wp-block-list\">\n<li>jeden Tag!\u201c \u00dcber 700 Stolpersteine wurden bisher im Bezirk<br>Friedrichshain-Kreuzberg vor den ehemaligen Wohnungen von<br>Opfern im Pflaster befestigt.<\/li>\n<\/ul>\n\n\n\n<p>Die M\u00f6ckernkiez-AG \u201eGleis 1\u201c, die sich intensiv mit der Geschichte<br>der Deportationen vom Anhalter Bahnhof besch\u00e4ftigt, wird auch in<br>diesem Jahr wieder die Reinigung der Stolpersteine in der Yorckstra\u00dfe<br>vornehmen. Dieses passiert an einem historisch bedeutsamen Tag &#8211;<br>am 9. November, dem 85. Jahrestag der Reichspogromnacht von 1938.<\/p>\n\n\n\n<p>Wer sich an der S\u00e4uberung der Stolpersteine beteiligen m\u00f6chte,<br>die um 9 Uhr 30 vor dem Haus Yorckstra\u00dfe 60 beginnt, melde sich<br>bitte unter nopeters@posteo.de daf\u00fcr an. Scheuermilch, Putzlappen,<br>B\u00fcrsten und eine Kanne Wasser sollten mitgebracht werden.<\/p>\n","protected":false},"excerpt":{"rendered":"<p>26 Stolpersteine sind bei genauem Hinschauen entlang derYorckstra\u00dfe zu finden, hinzu kommen drei weitere vor demKreuzberger Rathaus. Sie geh\u00f6ren zu den mittlerweile \u00fcber100.000 Stolpersteinen, die der K\u00fcnstler Gunter Demnig inDeutschland und vielen anderen europ\u00e4ischen Staaten zumGedenken an Opfer der NS-Gewaltherrschaft als Messingplattenim Gehwegpflaster verlegt hat bzw. verlegen l\u00e4sst. F\u00fcr Bezirksb\u00fcrgermeisterin Clara Herrmann \u201eerz\u00e4hlt jederStolperstein eine &#8230; <\/p>\n<p class=\"read-more-container\"><a title=\"Reinigung von Stolpersteinen am 9. November 2023\" class=\"read-more button\" href=\"https:\/\/moeckernkiez-ev.de\/Wordpress_MK\/2023\/11\/03\/reinigung-von-stolpersteinen-am-9-november-2023\/#more-2537\" aria-label=\"Mehr Informationen \u00fcber Reinigung von Stolpersteinen am 9. November 2023\">Beitrag lesen<\/a><\/p>\n","protected":false},"author":14,"featured_media":0,"comment_status":"closed","ping_status":"open","sticky":false,"template":"","format":"standard","meta":{"footnotes":""},"categories":[86,58,79,4],"tags":[],"class_list":["post-2537","post","type-post","status-publish","format-standard","hentry","category-archiv","category-austausch","category-kreuzberger-nachbarschaft","category-veranstaltung"],"publishpress_future_action":{"enabled":false,"date":"2026-05-05 15:54:12","action":"change-status","newStatus":"draft","terms":[],"taxonomy":"category","extraData":[]},"publishpress_future_workflow_manual_trigger":{"enabledWorkflows":[]},"_links":{"self":[{"href":"https:\/\/moeckernkiez-ev.de\/Wordpress_MK\/wp-json\/wp\/v2\/posts\/2537","targetHints":{"allow":["GET"]}}],"collection":[{"href":"https:\/\/moeckernkiez-ev.de\/Wordpress_MK\/wp-json\/wp\/v2\/posts"}],"about":[{"href":"https:\/\/moeckernkiez-ev.de\/Wordpress_MK\/wp-json\/wp\/v2\/types\/post"}],"author":[{"embeddable":true,"href":"https:\/\/moeckernkiez-ev.de\/Wordpress_MK\/wp-json\/wp\/v2\/users\/14"}],"replies":[{"embeddable":true,"href":"https:\/\/moeckernkiez-ev.de\/Wordpress_MK\/wp-json\/wp\/v2\/comments?post=2537"}],"version-history":[{"count":4,"href":"https:\/\/moeckernkiez-ev.de\/Wordpress_MK\/wp-json\/wp\/v2\/posts\/2537\/revisions"}],"predecessor-version":[{"id":3286,"href":"https:\/\/moeckernkiez-ev.de\/Wordpress_MK\/wp-json\/wp\/v2\/posts\/2537\/revisions\/3286"}],"wp:attachment":[{"href":"https:\/\/moeckernkiez-ev.de\/Wordpress_MK\/wp-json\/wp\/v2\/media?parent=2537"}],"wp:term":[{"taxonomy":"category","embeddable":true,"href":"https:\/\/moeckernkiez-ev.de\/Wordpress_MK\/wp-json\/wp\/v2\/categories?post=2537"},{"taxonomy":"post_tag","embeddable":true,"href":"https:\/\/moeckernkiez-ev.de\/Wordpress_MK\/wp-json\/wp\/v2\/tags?post=2537"}],"curies":[{"name":"wp","href":"https:\/\/api.w.org\/{rel}","templated":true}]}}