{"id":2670,"date":"2023-11-06T23:47:32","date_gmt":"2023-11-06T22:47:32","guid":{"rendered":"https:\/\/moeckernkiez-ev.de\/Wordpress_MK\/?p=2670"},"modified":"2024-02-05T14:57:48","modified_gmt":"2024-02-05T13:57:48","slug":"berlin-waer-schoen-wenn-berlin-am-meer-waer","status":"publish","type":"post","link":"https:\/\/moeckernkiez-ev.de\/Wordpress_MK\/2023\/11\/06\/berlin-waer-schoen-wenn-berlin-am-meer-waer\/","title":{"rendered":"BERLIN &#8211; w\u00e4r sch\u00f6n wenn BERLIN am Meer w\u00e4r \u2026"},"content":{"rendered":"\n<p>Fotografien von Ulla A. Wyrwoll und Dieter Barz<br>vom 11. November bis 17. Dezember im Caf\u00e9 M\u00f6ca und Forum<br>Treffpunkt &#8211; M\u00f6ckernkiez 2 &#8211; 10963 Berlin<br>\u00d6ffnungszeiten, au\u00dferhalb der Vernissage<br>Di: 11 &#8211; 13 h + 15 &#8211; 18 h \/ Mi: 12.30 \u2013 18 h \/ Do: 11 &#8211; 13 h + 15 &#8211; 18 h<br>Fr 10 &#8211; 18 h  \/ Sa + So: 15-18 h<\/p>\n\n\n\n<p>Vernissage am Samstag, 11. November 2023 ab 18 Uhr<\/p>\n\n\n\n<figure class=\"wp-block-image size-full is-resized\"><img loading=\"lazy\" decoding=\"async\" width=\"320\" height=\"240\" src=\"https:\/\/moeckernkiez-ev.de\/Wordpress_MK\/wp-content\/uploads\/2023\/10\/IMG_1185-1.jpeg\" alt=\"\" class=\"wp-image-2671\" style=\"aspect-ratio:1.3333333333333333;width:690px;height:auto\" srcset=\"https:\/\/moeckernkiez-ev.de\/Wordpress_MK\/wp-content\/uploads\/2023\/10\/IMG_1185-1.jpeg 320w, https:\/\/moeckernkiez-ev.de\/Wordpress_MK\/wp-content\/uploads\/2023\/10\/IMG_1185-1-300x225.jpeg 300w\" sizes=\"auto, (max-width: 320px) 100vw, 320px\" \/><\/figure>\n","protected":false},"excerpt":{"rendered":"<p>Fotografien von Ulla A. Wyrwoll und Dieter Barzvom 11. November bis 17. Dezember im Caf\u00e9 M\u00f6ca und ForumTreffpunkt &#8211; M\u00f6ckernkiez 2 &#8211; 10963 Berlin\u00d6ffnungszeiten, au\u00dferhalb der VernissageDi: 11 &#8211; 13 h + 15 &#8211; 18 h \/ Mi: 12.30 \u2013 18 h \/ Do: 11 &#8211; 13 h + 15 &#8211; 18 hFr 10 &#8211; &#8230; <\/p>\n<p class=\"read-more-container\"><a title=\"BERLIN &#8211; w\u00e4r sch\u00f6n wenn BERLIN am Meer w\u00e4r \u2026\" class=\"read-more button\" href=\"https:\/\/moeckernkiez-ev.de\/Wordpress_MK\/2023\/11\/06\/berlin-waer-schoen-wenn-berlin-am-meer-waer\/#more-2670\" aria-label=\"Mehr Informationen \u00fcber BERLIN &#8211; w\u00e4r sch\u00f6n wenn BERLIN am Meer w\u00e4r \u2026\">Beitrag lesen<\/a><\/p>\n","protected":false},"author":3,"featured_media":2671,"comment_status":"closed","ping_status":"open","sticky":false,"template":"","format":"standard","meta":{"footnotes":""},"categories":[86,10,85,5,84],"tags":[],"class_list":["post-2670","post","type-post","status-publish","format-standard","has-post-thumbnail","hentry","category-archiv","category-ausstellung","category-kunst-und-kultur","category-moeca","category-vernissage"],"publishpress_future_action":{"enabled":false,"date":"2026-05-07 07:37:59","action":"change-status","newStatus":"draft","terms":[],"taxonomy":"category","extraData":[]},"publishpress_future_workflow_manual_trigger":{"enabledWorkflows":[]},"_links":{"self":[{"href":"https:\/\/moeckernkiez-ev.de\/Wordpress_MK\/wp-json\/wp\/v2\/posts\/2670","targetHints":{"allow":["GET"]}}],"collection":[{"href":"https:\/\/moeckernkiez-ev.de\/Wordpress_MK\/wp-json\/wp\/v2\/posts"}],"about":[{"href":"https:\/\/moeckernkiez-ev.de\/Wordpress_MK\/wp-json\/wp\/v2\/types\/post"}],"author":[{"embeddable":true,"href":"https:\/\/moeckernkiez-ev.de\/Wordpress_MK\/wp-json\/wp\/v2\/users\/3"}],"replies":[{"embeddable":true,"href":"https:\/\/moeckernkiez-ev.de\/Wordpress_MK\/wp-json\/wp\/v2\/comments?post=2670"}],"version-history":[{"count":4,"href":"https:\/\/moeckernkiez-ev.de\/Wordpress_MK\/wp-json\/wp\/v2\/posts\/2670\/revisions"}],"predecessor-version":[{"id":3284,"href":"https:\/\/moeckernkiez-ev.de\/Wordpress_MK\/wp-json\/wp\/v2\/posts\/2670\/revisions\/3284"}],"wp:featuredmedia":[{"embeddable":true,"href":"https:\/\/moeckernkiez-ev.de\/Wordpress_MK\/wp-json\/wp\/v2\/media\/2671"}],"wp:attachment":[{"href":"https:\/\/moeckernkiez-ev.de\/Wordpress_MK\/wp-json\/wp\/v2\/media?parent=2670"}],"wp:term":[{"taxonomy":"category","embeddable":true,"href":"https:\/\/moeckernkiez-ev.de\/Wordpress_MK\/wp-json\/wp\/v2\/categories?post=2670"},{"taxonomy":"post_tag","embeddable":true,"href":"https:\/\/moeckernkiez-ev.de\/Wordpress_MK\/wp-json\/wp\/v2\/tags?post=2670"}],"curies":[{"name":"wp","href":"https:\/\/api.w.org\/{rel}","templated":true}]}}