{"id":3100,"date":"2024-01-11T11:14:32","date_gmt":"2024-01-11T10:14:32","guid":{"rendered":"https:\/\/moeckernkiez-ev.de\/Wordpress_MK\/?p=3100"},"modified":"2024-01-11T11:14:32","modified_gmt":"2024-01-11T10:14:32","slug":"besuch-von-bana-studentinnen","status":"publish","type":"post","link":"https:\/\/moeckernkiez-ev.de\/Wordpress_MK\/2024\/01\/11\/besuch-von-bana-studentinnen\/","title":{"rendered":"Besuch von BANA-StudentInnen"},"content":{"rendered":"\n<p>Eine Gruppe von BANA-StudentInnen besuchte am 10.1. den M\u00f6ckernkiez. Besonders interessiert waren sie an dem gemeinschaftlichen Wohnen im M\u00f6ckernkiez, wie <strong>Gemeinschaftlichkeit <\/strong>bei uns aussieht, welche Strukturen n\u00f6tig sind und wie sie organisiert wird.<\/p>\n\n\n\n<p><strong>BANA ist das Berliner Modell: Ausbildung f\u00fcr nachberufliche Aktivit\u00e4ten (BANA)<\/strong>.<br>Es versteht sich als innovatives Weiterbildungsangebot f\u00fcr Menschen ab 45 Jahren, das einen unmittelbaren Zugang zu aktuellen wissenschaftlichen Erkenntnissen erm\u00f6glicht. Dabei bilden die Themen Stadt, Umwelt, Gesundheit und Ern\u00e4hrung die drei inhaltlichen Schwerpunkte bei BANA.<\/p>\n\n\n\n<p>Das besondere Ziel dieses Studiums ist es, Kompetenzen f\u00fcr nachberufliche Aktivit\u00e4ten in gesellschaftlich relevanten Bereichen zu erlangen, zum Beispiel f\u00fcr ein B\u00fcrgerschaftliches Engagement im eigenen Stadtteil, in der Gemeinde, in sozialen Einrichtungen oder f\u00fcr die Mitarbeit in Initiativen und Projekten.<\/p>\n\n\n\n<p>Die Gruppe StudentInnen kam aus dem <strong>Schwerpunkt Stadt<\/strong>: Die Stadt als Lebensraum unter stadtplanerischen und soziologischen Fragestellungen zu betrachten, ist das zentrale Anliegen des Schwerpunktes &#8222;Stadt&#8220;. Aber auch Kenntnisse \u00fcber Stadtentwicklung und Stadtgeschichte werden vermittelt. So werden interessante T\u00e4tigkeiten innerhalb eines Stadtteils und dessen soziale Funktionsf\u00e4higkeit kennen gelernt. Die meisten hatten vom M\u00f6ckernkiez geh\u00f6rt, waren aber noch nie hier und kannten wenig von Idee und Geschichte. Alle zeigten sehr hohes Interesse und stellten viele Fragen, vor allem zum Zusammenleben in der Gemeinschaft im M\u00f6ckernkiez und der zugrundeliegenden Motivation dazu.<\/p>\n\n\n\n<p>KB<\/p>\n","protected":false},"excerpt":{"rendered":"<p>Eine Gruppe von BANA-StudentInnen besuchte am 10.1. den M\u00f6ckernkiez. Besonders interessiert waren sie an dem gemeinschaftlichen Wohnen im M\u00f6ckernkiez, wie Gemeinschaftlichkeit bei uns aussieht, welche Strukturen n\u00f6tig sind und wie sie organisiert wird. BANA ist das Berliner Modell: Ausbildung f\u00fcr nachberufliche Aktivit\u00e4ten (BANA).Es versteht sich als innovatives Weiterbildungsangebot f\u00fcr Menschen ab 45 Jahren, das einen &#8230; <\/p>\n<p class=\"read-more-container\"><a title=\"Besuch von BANA-StudentInnen\" class=\"read-more button\" href=\"https:\/\/moeckernkiez-ev.de\/Wordpress_MK\/2024\/01\/11\/besuch-von-bana-studentinnen\/#more-3100\" aria-label=\"Mehr Informationen \u00fcber Besuch von BANA-StudentInnen\">Beitrag lesen<\/a><\/p>\n","protected":false},"author":6,"featured_media":3103,"comment_status":"closed","ping_status":"open","sticky":false,"template":"","format":"standard","meta":{"footnotes":""},"categories":[1,58,92],"tags":[],"class_list":["post-3100","post","type-post","status-publish","format-standard","has-post-thumbnail","hentry","category-allgemein","category-austausch","category-werkraum-2"],"publishpress_future_action":{"enabled":false,"date":"2026-05-05 09:35:59","action":"change-status","newStatus":"draft","terms":[],"taxonomy":"category","extraData":[]},"publishpress_future_workflow_manual_trigger":{"enabledWorkflows":[]},"_links":{"self":[{"href":"https:\/\/moeckernkiez-ev.de\/Wordpress_MK\/wp-json\/wp\/v2\/posts\/3100","targetHints":{"allow":["GET"]}}],"collection":[{"href":"https:\/\/moeckernkiez-ev.de\/Wordpress_MK\/wp-json\/wp\/v2\/posts"}],"about":[{"href":"https:\/\/moeckernkiez-ev.de\/Wordpress_MK\/wp-json\/wp\/v2\/types\/post"}],"author":[{"embeddable":true,"href":"https:\/\/moeckernkiez-ev.de\/Wordpress_MK\/wp-json\/wp\/v2\/users\/6"}],"replies":[{"embeddable":true,"href":"https:\/\/moeckernkiez-ev.de\/Wordpress_MK\/wp-json\/wp\/v2\/comments?post=3100"}],"version-history":[{"count":2,"href":"https:\/\/moeckernkiez-ev.de\/Wordpress_MK\/wp-json\/wp\/v2\/posts\/3100\/revisions"}],"predecessor-version":[{"id":3102,"href":"https:\/\/moeckernkiez-ev.de\/Wordpress_MK\/wp-json\/wp\/v2\/posts\/3100\/revisions\/3102"}],"wp:featuredmedia":[{"embeddable":true,"href":"https:\/\/moeckernkiez-ev.de\/Wordpress_MK\/wp-json\/wp\/v2\/media\/3103"}],"wp:attachment":[{"href":"https:\/\/moeckernkiez-ev.de\/Wordpress_MK\/wp-json\/wp\/v2\/media?parent=3100"}],"wp:term":[{"taxonomy":"category","embeddable":true,"href":"https:\/\/moeckernkiez-ev.de\/Wordpress_MK\/wp-json\/wp\/v2\/categories?post=3100"},{"taxonomy":"post_tag","embeddable":true,"href":"https:\/\/moeckernkiez-ev.de\/Wordpress_MK\/wp-json\/wp\/v2\/tags?post=3100"}],"curies":[{"name":"wp","href":"https:\/\/api.w.org\/{rel}","templated":true}]}}