{"id":4095,"date":"2024-05-21T17:34:07","date_gmt":"2024-05-21T15:34:07","guid":{"rendered":"https:\/\/moeckernkiez-ev.de\/Wordpress_MK\/?p=4095"},"modified":"2024-07-16T13:35:04","modified_gmt":"2024-07-16T11:35:04","slug":"gymmick-und-die-erben-betreten-die-buehnen","status":"publish","type":"post","link":"https:\/\/moeckernkiez-ev.de\/Wordpress_MK\/2024\/05\/21\/gymmick-und-die-erben-betreten-die-buehnen\/","title":{"rendered":"GYMMICK und die ERBEN betreten die B\u00fchnen!"},"content":{"rendered":"\n<p>Ich freue mich sehr mit meiner neuen Band wieder Rio Reiser und TON STEINE SCHERBEN Konzerte zu geben.<br><\/p>\n\n\n\n<figure class=\"wp-block-image size-large\"><img loading=\"lazy\" decoding=\"async\" width=\"1024\" height=\"669\" src=\"https:\/\/moeckernkiez-ev.de\/Wordpress_MK\/wp-content\/uploads\/2024\/05\/cee7c7_c5f829ed23284998a946070820d602efmv2-1024x669.jpg\" alt=\"\" class=\"wp-image-4096\" srcset=\"https:\/\/moeckernkiez-ev.de\/Wordpress_MK\/wp-content\/uploads\/2024\/05\/cee7c7_c5f829ed23284998a946070820d602efmv2-1024x669.jpg 1024w, https:\/\/moeckernkiez-ev.de\/Wordpress_MK\/wp-content\/uploads\/2024\/05\/cee7c7_c5f829ed23284998a946070820d602efmv2-300x196.jpg 300w, https:\/\/moeckernkiez-ev.de\/Wordpress_MK\/wp-content\/uploads\/2024\/05\/cee7c7_c5f829ed23284998a946070820d602efmv2-768x502.jpg 768w, https:\/\/moeckernkiez-ev.de\/Wordpress_MK\/wp-content\/uploads\/2024\/05\/cee7c7_c5f829ed23284998a946070820d602efmv2-1536x1003.jpg 1536w, https:\/\/moeckernkiez-ev.de\/Wordpress_MK\/wp-content\/uploads\/2024\/05\/cee7c7_c5f829ed23284998a946070820d602efmv2-1320x862.jpg 1320w, https:\/\/moeckernkiez-ev.de\/Wordpress_MK\/wp-content\/uploads\/2024\/05\/cee7c7_c5f829ed23284998a946070820d602efmv2.jpg 1960w\" sizes=\"auto, (max-width: 1024px) 100vw, 1024px\" \/><\/figure>\n\n\n\n<p><br>9 Jahre lang hat GYMMICK als S\u00e4nger und Gitarrist mit den Musikern der TON STEINE SCHERBEN die Aufgabe Rio Reisers \u00fcbernommen. Da das flussauf- und flussabw\u00e4rts mit grosser Begeisterung angenommen wurde, und der Traum ja bekanntlich nicht aus ist haben sich der N\u00fcrnberger Songpoet und seine Freunde entschlossen, die Songs von Rio und RPS Lanrue weiter zu singen. Mit Schlagzeug (Simon Froschauer), E-Gitarren (Flo Kenner, der selbst 2 Jahre als Gitarrist mit den TSS auf der B\u00fchne stand) und Bass (Tim Steinheimer) klingen die ERBEN fast wie die original SCHERBEN ganz fr\u00fcher.<br>GYMMICK &amp; die ERBEN schicken die Zuh\u00f6rerInnen auf eine musikalische Zeitreise, die die rebellischen Hits der TON STEINE SCHERBEN und die tiefen Balladen von Rio Reiser mit eigenen, nahtlos an die Klassiker ankn\u00fcpfenden Songs von GYMMICK vereint.<br>Die Musik von Ton Steine Scherben verbindet Generationen, und GYMMICK &amp; die ERBEN schaffen es, sowohl langj\u00e4hrige Fans als auch junge MusikliebhaberInnen mit ihrer erdigen Musik zu begeistern. Die Songs klingen tats\u00e4chlich live wieder wie frisch aus den 70er Jahren. Gemeinsam feiern wir Rebellion, Freiheit und Liebe Gymmick &amp; die ERBEN sind dabei mehr als nur eine Coverband. Sie erfassen den Geist und die die Freiheitsliebe der TON STEINE SCHERBEN-Songs und entwickeln gleichzeitig ihre ganz eigene musikalische Identit\u00e4t.<br>GYMMICK und die ERBEN \u00fcbertragen die Kraft und Botschaft der Musik von Rio Reiser auf die heutige Zeit. Deren Konzerte sind kein nostalgischer R\u00fcckblick, sondern ein Pl\u00e4doyer f\u00fcr eine bessere und gerechtere Welt.<br>Die Presse meint zu GYMMICK:<br>&#8222;Gymmick n\u00e4hert sich dem 1996 verstorbenen Rio Reiser mit hoher Intensit\u00e4t und stimmlich mitrei\u00dfend zwischen schnoddriger Erhabenheit, z\u00e4rtlicher Br\u00fcchigkeit und kr\u00e4chzender Wut.&#8220; (Kieler Nachrichten)<br>&#8222;Es ist keine leichte Aufgabe, in die Fu\u00dfstapfen von Rio Reiser zu treten. Doch Gymmick vermag es auf erstaunliche Weise, die Seelenverwandtschaft zu zeigen. Einzigartig und konkurrenzlos, als w\u00fcrde Rio Reiser von seiner Wolke winken und sagen: `Du machst das toll!\u2019 \u201c (Rhein-Zeitung)<br>&#8222;Geht das \u00fcberhaupt ohne Rio Reiser? Oh ja \u2013 und wie!&#8220; (Mopo Hamburg)<br>und \u00fcber neuere Songs von GYMMICK:<br>&#8222;\u2026Als h\u00e4tten sich Leonard Cohen und Bob Dylan mal eben auf ein K\u00e4ffchen getroffen&#8220; F\u00fcrther Nachrichten.<\/p>\n","protected":false},"excerpt":{"rendered":"<p>Ich freue mich sehr mit meiner neuen Band wieder Rio Reiser und TON STEINE SCHERBEN Konzerte zu geben. 9 Jahre lang hat GYMMICK als S\u00e4nger und Gitarrist mit den Musikern der TON STEINE SCHERBEN die Aufgabe Rio Reisers \u00fcbernommen. Da das flussauf- und flussabw\u00e4rts mit grosser Begeisterung angenommen wurde, und der Traum ja bekanntlich nicht &#8230; <\/p>\n<p class=\"read-more-container\"><a title=\"GYMMICK und die ERBEN betreten die B\u00fchnen!\" class=\"read-more button\" href=\"https:\/\/moeckernkiez-ev.de\/Wordpress_MK\/2024\/05\/21\/gymmick-und-die-erben-betreten-die-buehnen\/#more-4095\" aria-label=\"Mehr Informationen \u00fcber GYMMICK und die ERBEN betreten die B\u00fchnen!\">Beitrag lesen<\/a><\/p>\n","protected":false},"author":6,"featured_media":4094,"comment_status":"closed","ping_status":"open","sticky":false,"template":"","format":"standard","meta":{"footnotes":""},"categories":[1,86,73,4],"tags":[],"class_list":["post-4095","post","type-post","status-publish","format-standard","has-post-thumbnail","hentry","category-allgemein","category-archiv","category-konzert","category-veranstaltung"],"publishpress_future_action":{"enabled":false,"date":"2026-05-08 12:44:19","action":"change-status","newStatus":"draft","terms":[],"taxonomy":"category","extraData":[]},"publishpress_future_workflow_manual_trigger":{"enabledWorkflows":[]},"_links":{"self":[{"href":"https:\/\/moeckernkiez-ev.de\/Wordpress_MK\/wp-json\/wp\/v2\/posts\/4095","targetHints":{"allow":["GET"]}}],"collection":[{"href":"https:\/\/moeckernkiez-ev.de\/Wordpress_MK\/wp-json\/wp\/v2\/posts"}],"about":[{"href":"https:\/\/moeckernkiez-ev.de\/Wordpress_MK\/wp-json\/wp\/v2\/types\/post"}],"author":[{"embeddable":true,"href":"https:\/\/moeckernkiez-ev.de\/Wordpress_MK\/wp-json\/wp\/v2\/users\/6"}],"replies":[{"embeddable":true,"href":"https:\/\/moeckernkiez-ev.de\/Wordpress_MK\/wp-json\/wp\/v2\/comments?post=4095"}],"version-history":[{"count":1,"href":"https:\/\/moeckernkiez-ev.de\/Wordpress_MK\/wp-json\/wp\/v2\/posts\/4095\/revisions"}],"predecessor-version":[{"id":4097,"href":"https:\/\/moeckernkiez-ev.de\/Wordpress_MK\/wp-json\/wp\/v2\/posts\/4095\/revisions\/4097"}],"wp:featuredmedia":[{"embeddable":true,"href":"https:\/\/moeckernkiez-ev.de\/Wordpress_MK\/wp-json\/wp\/v2\/media\/4094"}],"wp:attachment":[{"href":"https:\/\/moeckernkiez-ev.de\/Wordpress_MK\/wp-json\/wp\/v2\/media?parent=4095"}],"wp:term":[{"taxonomy":"category","embeddable":true,"href":"https:\/\/moeckernkiez-ev.de\/Wordpress_MK\/wp-json\/wp\/v2\/categories?post=4095"},{"taxonomy":"post_tag","embeddable":true,"href":"https:\/\/moeckernkiez-ev.de\/Wordpress_MK\/wp-json\/wp\/v2\/tags?post=4095"}],"curies":[{"name":"wp","href":"https:\/\/api.w.org\/{rel}","templated":true}]}}