{"id":4426,"date":"2024-06-18T18:07:21","date_gmt":"2024-06-18T16:07:21","guid":{"rendered":"https:\/\/moeckernkiez-ev.de\/Wordpress_MK\/?p=4426"},"modified":"2024-06-20T13:51:31","modified_gmt":"2024-06-20T11:51:31","slug":"2-public-viewing-der-em-im-moeca","status":"publish","type":"post","link":"https:\/\/moeckernkiez-ev.de\/Wordpress_MK\/2024\/06\/18\/2-public-viewing-der-em-im-moeca\/","title":{"rendered":"2. Public Viewing der Fu\u00dfball-EM im M\u00f6Ca"},"content":{"rendered":"\n<p>das 2. Spiel der deutschen Mannschaft bei der Fu\u00dfball EM findet Mittwoch den 19.6. um 18 Uhr statt. Gespielt wird in Stuttgart vor 51 T ZuschauerInnen gegen Ungarn. Diese hatten ihr erstes Spiel gegen die Schweiz mit 3:1 verloren. Dementsprechend hoch sind die Erwartungen an das deutsche Team.<\/p>\n\n\n\n<p>Danach um 21 Uhr spielen aus unserer Gruppe A die Schweiz und Schottland gegeneinander. Hier wird sich schon zeigen wessen Chancen auf den 2.Platz am gr\u00f6\u00dften sind.<\/p>\n\n\n\n<p>Am Sonntag Abend beim 3. Gruppenspiel steht dann fest wer als Erster oder Zweiter in das Achtelfinale einzieht. Die Prognose, dass Deutschland Gruppenerster wird ist nicht sehr gewagt. Das 1. Achtelfinale findet am 5.7. statt, es spielen der Gruppenerste der Gruppe A gegen den Gruppenzweiten der Gruppe C. <\/p>\n\n\n\n<p>Mindestens alle Spiele mit deutscher Beteiligung werden im M\u00f6Ca \u00f6ffentlich gezeigt.<\/p>\n\n\n\n<p><\/p>\n","protected":false},"excerpt":{"rendered":"<p>das 2. Spiel der deutschen Mannschaft bei der Fu\u00dfball EM findet Mittwoch den 19.6. um 18 Uhr statt. Gespielt wird in Stuttgart vor 51 T ZuschauerInnen gegen Ungarn. Diese hatten ihr erstes Spiel gegen die Schweiz mit 3:1 verloren. Dementsprechend hoch sind die Erwartungen an das deutsche Team. Danach um 21 Uhr spielen aus unserer &#8230; <\/p>\n<p class=\"read-more-container\"><a title=\"2. Public Viewing der Fu\u00dfball-EM im M\u00f6Ca\" class=\"read-more button\" href=\"https:\/\/moeckernkiez-ev.de\/Wordpress_MK\/2024\/06\/18\/2-public-viewing-der-em-im-moeca\/#more-4426\" aria-label=\"Mehr Informationen \u00fcber 2. Public Viewing der Fu\u00dfball-EM im M\u00f6Ca\">Beitrag lesen<\/a><\/p>\n","protected":false},"author":6,"featured_media":4429,"comment_status":"closed","ping_status":"open","sticky":false,"template":"","format":"standard","meta":{"footnotes":""},"categories":[1,86,91],"tags":[],"class_list":["post-4426","post","type-post","status-publish","format-standard","has-post-thumbnail","hentry","category-allgemein","category-archiv","category-familien"],"publishpress_future_action":{"enabled":false,"date":"2026-05-02 10:21:53","action":"change-status","newStatus":"draft","terms":[],"taxonomy":"category","extraData":[]},"publishpress_future_workflow_manual_trigger":{"enabledWorkflows":[]},"_links":{"self":[{"href":"https:\/\/moeckernkiez-ev.de\/Wordpress_MK\/wp-json\/wp\/v2\/posts\/4426","targetHints":{"allow":["GET"]}}],"collection":[{"href":"https:\/\/moeckernkiez-ev.de\/Wordpress_MK\/wp-json\/wp\/v2\/posts"}],"about":[{"href":"https:\/\/moeckernkiez-ev.de\/Wordpress_MK\/wp-json\/wp\/v2\/types\/post"}],"author":[{"embeddable":true,"href":"https:\/\/moeckernkiez-ev.de\/Wordpress_MK\/wp-json\/wp\/v2\/users\/6"}],"replies":[{"embeddable":true,"href":"https:\/\/moeckernkiez-ev.de\/Wordpress_MK\/wp-json\/wp\/v2\/comments?post=4426"}],"version-history":[{"count":5,"href":"https:\/\/moeckernkiez-ev.de\/Wordpress_MK\/wp-json\/wp\/v2\/posts\/4426\/revisions"}],"predecessor-version":[{"id":4433,"href":"https:\/\/moeckernkiez-ev.de\/Wordpress_MK\/wp-json\/wp\/v2\/posts\/4426\/revisions\/4433"}],"wp:featuredmedia":[{"embeddable":true,"href":"https:\/\/moeckernkiez-ev.de\/Wordpress_MK\/wp-json\/wp\/v2\/media\/4429"}],"wp:attachment":[{"href":"https:\/\/moeckernkiez-ev.de\/Wordpress_MK\/wp-json\/wp\/v2\/media?parent=4426"}],"wp:term":[{"taxonomy":"category","embeddable":true,"href":"https:\/\/moeckernkiez-ev.de\/Wordpress_MK\/wp-json\/wp\/v2\/categories?post=4426"},{"taxonomy":"post_tag","embeddable":true,"href":"https:\/\/moeckernkiez-ev.de\/Wordpress_MK\/wp-json\/wp\/v2\/tags?post=4426"}],"curies":[{"name":"wp","href":"https:\/\/api.w.org\/{rel}","templated":true}]}}