{"id":4435,"date":"2024-06-19T12:00:45","date_gmt":"2024-06-19T10:00:45","guid":{"rendered":"https:\/\/moeckernkiez-ev.de\/Wordpress_MK\/?p=4435"},"modified":"2024-07-16T13:33:43","modified_gmt":"2024-07-16T11:33:43","slug":"sommerfest-2024-am-13-juli","status":"publish","type":"post","link":"https:\/\/moeckernkiez-ev.de\/Wordpress_MK\/2024\/06\/19\/sommerfest-2024-am-13-juli\/","title":{"rendered":"Sommerfest 2024 am 13.Juli"},"content":{"rendered":"\n<p>Liebe M\u00f6ckernkiezler*innen,<\/p>\n\n\n\n<p>das Sommerfest des M\u00f6ckernkiezes 2024 findet dieses Jahr am 13. Juli ab 15 Uhr statt. <\/p>\n\n\n\n<p>Ein buntes<a href=\"https:\/\/moeckernkiez-ev.de\/Wordpress_MK\/wp-content\/uploads\/2024\/06\/Sommerfest-2024_Programm-3.pdf\"> Programm<\/a><a href=\"https:\/\/moeckernkiez-ev.de\/Wordpress_MK\/wp-content\/uploads\/2024\/06\/Sommerfest-2024_Programm-1.pdf\"> <\/a>erwartet euch mit Musik, Tanz, Disko und vielen Aktionen f\u00fcr Kinder, siehe Anlage.<\/p>\n\n\n\n<p>Spenden f\u00fcr die Musiker*innen werden gesammelt. <\/p>\n\n\n\n<p>Bitte beteiligt euch wieder mit fingerfood etc. f\u00fcr die Essensst\u00e4nde der H\u00e4user! <\/p>\n\n\n\n<p><strong>Zum Aufbau ben\u00f6tigen wir viele Helfer*innen. Bitte kommt am 13.07. um 11 h auf den Kiezplatz. <\/strong><\/p>\n\n\n\n<p>Bitte verteilt das<a href=\"https:\/\/moeckernkiez-ev.de\/Wordpress_MK\/wp-content\/uploads\/2024\/06\/Sommerfest-2024_Programm-3.pdf\"> Programm<\/a><a href=\"https:\/\/moeckernkiez-ev.de\/Wordpress_MK\/wp-content\/uploads\/2024\/06\/Sommerfest-2024_Programm-1.pdf\" target=\"_blank\" rel=\"noreferrer noopener\"> <\/a>in den H\u00e4usern!<\/p>\n\n\n\n<p>Wir freuen uns auf ein buntes Fest!<\/p>\n\n\n\n<p>Viele Gr\u00fc\u00dfe<\/p>\n\n\n\n<p>Euer Orga-Team Sommerfest<\/p>\n","protected":false},"excerpt":{"rendered":"<p>Liebe M\u00f6ckernkiezler*innen, das Sommerfest des M\u00f6ckernkiezes 2024 findet dieses Jahr am 13. Juli ab 15 Uhr statt. Ein buntes Programm erwartet euch mit Musik, Tanz, Disko und vielen Aktionen f\u00fcr Kinder, siehe Anlage. Spenden f\u00fcr die Musiker*innen werden gesammelt. Bitte beteiligt euch wieder mit fingerfood etc. f\u00fcr die Essensst\u00e4nde der H\u00e4user! Zum Aufbau ben\u00f6tigen wir &#8230; <\/p>\n<p class=\"read-more-container\"><a title=\"Sommerfest 2024 am 13.Juli\" class=\"read-more button\" href=\"https:\/\/moeckernkiez-ev.de\/Wordpress_MK\/2024\/06\/19\/sommerfest-2024-am-13-juli\/#more-4435\" aria-label=\"Mehr Informationen \u00fcber Sommerfest 2024 am 13.Juli\">Beitrag lesen<\/a><\/p>\n","protected":false},"author":6,"featured_media":4445,"comment_status":"closed","ping_status":"open","sticky":false,"template":"","format":"standard","meta":{"footnotes":""},"categories":[1,86,91],"tags":[],"class_list":["post-4435","post","type-post","status-publish","format-standard","has-post-thumbnail","hentry","category-allgemein","category-archiv","category-familien"],"publishpress_future_action":{"enabled":false,"date":"2026-05-02 10:16:37","action":"change-status","newStatus":"draft","terms":[],"taxonomy":"category","extraData":[]},"publishpress_future_workflow_manual_trigger":{"enabledWorkflows":[]},"_links":{"self":[{"href":"https:\/\/moeckernkiez-ev.de\/Wordpress_MK\/wp-json\/wp\/v2\/posts\/4435","targetHints":{"allow":["GET"]}}],"collection":[{"href":"https:\/\/moeckernkiez-ev.de\/Wordpress_MK\/wp-json\/wp\/v2\/posts"}],"about":[{"href":"https:\/\/moeckernkiez-ev.de\/Wordpress_MK\/wp-json\/wp\/v2\/types\/post"}],"author":[{"embeddable":true,"href":"https:\/\/moeckernkiez-ev.de\/Wordpress_MK\/wp-json\/wp\/v2\/users\/6"}],"replies":[{"embeddable":true,"href":"https:\/\/moeckernkiez-ev.de\/Wordpress_MK\/wp-json\/wp\/v2\/comments?post=4435"}],"version-history":[{"count":5,"href":"https:\/\/moeckernkiez-ev.de\/Wordpress_MK\/wp-json\/wp\/v2\/posts\/4435\/revisions"}],"predecessor-version":[{"id":7401,"href":"https:\/\/moeckernkiez-ev.de\/Wordpress_MK\/wp-json\/wp\/v2\/posts\/4435\/revisions\/7401"}],"wp:featuredmedia":[{"embeddable":true,"href":"https:\/\/moeckernkiez-ev.de\/Wordpress_MK\/wp-json\/wp\/v2\/media\/4445"}],"wp:attachment":[{"href":"https:\/\/moeckernkiez-ev.de\/Wordpress_MK\/wp-json\/wp\/v2\/media?parent=4435"}],"wp:term":[{"taxonomy":"category","embeddable":true,"href":"https:\/\/moeckernkiez-ev.de\/Wordpress_MK\/wp-json\/wp\/v2\/categories?post=4435"},{"taxonomy":"post_tag","embeddable":true,"href":"https:\/\/moeckernkiez-ev.de\/Wordpress_MK\/wp-json\/wp\/v2\/tags?post=4435"}],"curies":[{"name":"wp","href":"https:\/\/api.w.org\/{rel}","templated":true}]}}