{"id":4551,"date":"2024-07-02T16:52:25","date_gmt":"2024-07-02T14:52:25","guid":{"rendered":"https:\/\/moeckernkiez-ev.de\/Wordpress_MK\/?p=4551"},"modified":"2024-07-16T13:32:14","modified_gmt":"2024-07-16T11:32:14","slug":"pflegestuetzpunkt-zur-beratung-im-moeckernkiez","status":"publish","type":"post","link":"https:\/\/moeckernkiez-ev.de\/Wordpress_MK\/2024\/07\/02\/pflegestuetzpunkt-zur-beratung-im-moeckernkiez\/","title":{"rendered":"Pflegest\u00fctzpunkt zur Beratung im M\u00f6ckernkiez!"},"content":{"rendered":"\n<p>Mitarbeiterinnen des Pflegest\u00fctzpunktes Prinzenstra\u00dfe sind zur individuellen Beratung im M\u00f6ckernkiez. Von 13 bis 15 Uhr stehen sie am 15.7.2024 im Forum des Treffpunktes bereit. Allerdings bitte vorher anmelden, das ist wichtig f\u00fcr eine individuell zugeschnittene Beratung.<\/p>\n\n\n\n<p>Bei der Vielfalt gesetzlicher Anspr\u00fcche und individueller Unterst\u00fctzungsm\u00f6glichkeiten verliert sich schnell der \u00dcberblick \u00fcber die gesetzlichen Pflegeleistungen. Die Mitarbeiterinnen des Pflegest\u00fctzpunktes beraten und beantworten die Fragen.<\/p>\n\n\n\n<p>Die Anmeldung ist bei der AG Nachbarschaftshilfe: nachbarschaftshilfe@moeckernkiez-ev.de<\/p>\n","protected":false},"excerpt":{"rendered":"<p>Mitarbeiterinnen des Pflegest\u00fctzpunktes Prinzenstra\u00dfe sind zur individuellen Beratung im M\u00f6ckernkiez. Von 13 bis 15 Uhr stehen sie am 15.7.2024 im Forum des Treffpunktes bereit. Allerdings bitte vorher anmelden, das ist wichtig f\u00fcr eine individuell zugeschnittene Beratung. Bei der Vielfalt gesetzlicher Anspr\u00fcche und individueller Unterst\u00fctzungsm\u00f6glichkeiten verliert sich schnell der \u00dcberblick \u00fcber die gesetzlichen Pflegeleistungen. Die Mitarbeiterinnen &#8230; <\/p>\n<p class=\"read-more-container\"><a title=\"Pflegest\u00fctzpunkt zur Beratung im M\u00f6ckernkiez!\" class=\"read-more button\" href=\"https:\/\/moeckernkiez-ev.de\/Wordpress_MK\/2024\/07\/02\/pflegestuetzpunkt-zur-beratung-im-moeckernkiez\/#more-4551\" aria-label=\"Mehr Informationen \u00fcber Pflegest\u00fctzpunkt zur Beratung im M\u00f6ckernkiez!\">Beitrag lesen<\/a><\/p>\n","protected":false},"author":6,"featured_media":4550,"comment_status":"closed","ping_status":"open","sticky":false,"template":"","format":"standard","meta":{"footnotes":""},"categories":[1,86,87,66,4,63],"tags":[],"class_list":["post-4551","post","type-post","status-publish","format-standard","has-post-thumbnail","hentry","category-allgemein","category-archiv","category-beratung","category-nachbarschaftshilfe","category-veranstaltung","category-vortrag"],"publishpress_future_action":{"enabled":false,"date":"2026-05-04 18:36:06","action":"change-status","newStatus":"draft","terms":[],"taxonomy":"category","extraData":[]},"publishpress_future_workflow_manual_trigger":{"enabledWorkflows":[]},"_links":{"self":[{"href":"https:\/\/moeckernkiez-ev.de\/Wordpress_MK\/wp-json\/wp\/v2\/posts\/4551","targetHints":{"allow":["GET"]}}],"collection":[{"href":"https:\/\/moeckernkiez-ev.de\/Wordpress_MK\/wp-json\/wp\/v2\/posts"}],"about":[{"href":"https:\/\/moeckernkiez-ev.de\/Wordpress_MK\/wp-json\/wp\/v2\/types\/post"}],"author":[{"embeddable":true,"href":"https:\/\/moeckernkiez-ev.de\/Wordpress_MK\/wp-json\/wp\/v2\/users\/6"}],"replies":[{"embeddable":true,"href":"https:\/\/moeckernkiez-ev.de\/Wordpress_MK\/wp-json\/wp\/v2\/comments?post=4551"}],"version-history":[{"count":2,"href":"https:\/\/moeckernkiez-ev.de\/Wordpress_MK\/wp-json\/wp\/v2\/posts\/4551\/revisions"}],"predecessor-version":[{"id":4553,"href":"https:\/\/moeckernkiez-ev.de\/Wordpress_MK\/wp-json\/wp\/v2\/posts\/4551\/revisions\/4553"}],"wp:featuredmedia":[{"embeddable":true,"href":"https:\/\/moeckernkiez-ev.de\/Wordpress_MK\/wp-json\/wp\/v2\/media\/4550"}],"wp:attachment":[{"href":"https:\/\/moeckernkiez-ev.de\/Wordpress_MK\/wp-json\/wp\/v2\/media?parent=4551"}],"wp:term":[{"taxonomy":"category","embeddable":true,"href":"https:\/\/moeckernkiez-ev.de\/Wordpress_MK\/wp-json\/wp\/v2\/categories?post=4551"},{"taxonomy":"post_tag","embeddable":true,"href":"https:\/\/moeckernkiez-ev.de\/Wordpress_MK\/wp-json\/wp\/v2\/tags?post=4551"}],"curies":[{"name":"wp","href":"https:\/\/api.w.org\/{rel}","templated":true}]}}