{"id":4954,"date":"2024-08-25T18:18:31","date_gmt":"2024-08-25T16:18:31","guid":{"rendered":"https:\/\/moeckernkiez-ev.de\/Wordpress_MK\/?p=4954"},"modified":"2025-02-15T10:54:42","modified_gmt":"2025-02-15T09:54:42","slug":"kamerun-im-moeckernkiez","status":"publish","type":"post","link":"https:\/\/moeckernkiez-ev.de\/Wordpress_MK\/2024\/08\/25\/kamerun-im-moeckernkiez\/","title":{"rendered":"Kamerun im M\u00f6ckernkiez"},"content":{"rendered":"\n<p>Die Treffpunkt-R\u00e4ume im M\u00f6ckernkiez stehen auch f\u00fcr Veranstaltungen mit externen G\u00e4sten zur Verf\u00fcgung. So z.B. war am 21.8. Flaubert Djateng hier und hat das zivilgesellschaftliche Positionspapier aus Kamerun zur R\u00fcckgabe des in der Kolonialzeit geraubten Kulturerbes vorgestellt (siehe Fotos). Das meiste davon befindet sich heute in deutschen Museen. Das zahlreich erschienene Publikum diskutierte anschlie\u00dfend, welche Schritte zur Aufarbeitung des kolonialen Unrechts auf deutscher Seite und zur Zusammenarbeit unternommen werden k\u00f6nnen. Christiane Kayser und Thomas Fues (beide G16) hatten das Treffen organisiert.<\/p>\n\n\n\n<figure class=\"wp-block-image size-large\"><img loading=\"lazy\" decoding=\"async\" width=\"1024\" height=\"768\" src=\"https:\/\/moeckernkiez-ev.de\/Wordpress_MK\/wp-content\/uploads\/2024\/08\/IMG_0898-1-1024x768.jpg\" alt=\"\" class=\"wp-image-4961\" srcset=\"https:\/\/moeckernkiez-ev.de\/Wordpress_MK\/wp-content\/uploads\/2024\/08\/IMG_0898-1-1024x768.jpg 1024w, https:\/\/moeckernkiez-ev.de\/Wordpress_MK\/wp-content\/uploads\/2024\/08\/IMG_0898-1-300x225.jpg 300w, https:\/\/moeckernkiez-ev.de\/Wordpress_MK\/wp-content\/uploads\/2024\/08\/IMG_0898-1-768x576.jpg 768w, https:\/\/moeckernkiez-ev.de\/Wordpress_MK\/wp-content\/uploads\/2024\/08\/IMG_0898-1-1536x1152.jpg 1536w, https:\/\/moeckernkiez-ev.de\/Wordpress_MK\/wp-content\/uploads\/2024\/08\/IMG_0898-1-1320x990.jpg 1320w, https:\/\/moeckernkiez-ev.de\/Wordpress_MK\/wp-content\/uploads\/2024\/08\/IMG_0898-1.jpg 2048w\" sizes=\"auto, (max-width: 1024px) 100vw, 1024px\" \/><\/figure>\n","protected":false},"excerpt":{"rendered":"<p>Die Treffpunkt-R\u00e4ume im M\u00f6ckernkiez stehen auch f\u00fcr Veranstaltungen mit externen G\u00e4sten zur Verf\u00fcgung. So z.B. war am 21.8. Flaubert Djateng hier und hat das zivilgesellschaftliche Positionspapier aus Kamerun zur R\u00fcckgabe des in der Kolonialzeit geraubten Kulturerbes vorgestellt (siehe Fotos). Das meiste davon befindet sich heute in deutschen Museen. Das zahlreich erschienene Publikum diskutierte anschlie\u00dfend, welche &#8230; <\/p>\n<p class=\"read-more-container\"><a title=\"Kamerun im M\u00f6ckernkiez\" class=\"read-more button\" href=\"https:\/\/moeckernkiez-ev.de\/Wordpress_MK\/2024\/08\/25\/kamerun-im-moeckernkiez\/#more-4954\" aria-label=\"Mehr Informationen \u00fcber Kamerun im M\u00f6ckernkiez\">Beitrag lesen<\/a><\/p>\n","protected":false},"author":6,"featured_media":4959,"comment_status":"closed","ping_status":"open","sticky":false,"template":"","format":"standard","meta":{"footnotes":""},"categories":[1,86,58,114,4,63],"tags":[],"class_list":["post-4954","post","type-post","status-publish","format-standard","has-post-thumbnail","hentry","category-allgemein","category-archiv","category-austausch","category-geschichte","category-veranstaltung","category-vortrag"],"publishpress_future_action":{"enabled":false,"date":"2026-05-05 14:38:02","action":"change-status","newStatus":"draft","terms":[],"taxonomy":"category","extraData":[]},"publishpress_future_workflow_manual_trigger":{"enabledWorkflows":[]},"_links":{"self":[{"href":"https:\/\/moeckernkiez-ev.de\/Wordpress_MK\/wp-json\/wp\/v2\/posts\/4954","targetHints":{"allow":["GET"]}}],"collection":[{"href":"https:\/\/moeckernkiez-ev.de\/Wordpress_MK\/wp-json\/wp\/v2\/posts"}],"about":[{"href":"https:\/\/moeckernkiez-ev.de\/Wordpress_MK\/wp-json\/wp\/v2\/types\/post"}],"author":[{"embeddable":true,"href":"https:\/\/moeckernkiez-ev.de\/Wordpress_MK\/wp-json\/wp\/v2\/users\/6"}],"replies":[{"embeddable":true,"href":"https:\/\/moeckernkiez-ev.de\/Wordpress_MK\/wp-json\/wp\/v2\/comments?post=4954"}],"version-history":[{"count":4,"href":"https:\/\/moeckernkiez-ev.de\/Wordpress_MK\/wp-json\/wp\/v2\/posts\/4954\/revisions"}],"predecessor-version":[{"id":4962,"href":"https:\/\/moeckernkiez-ev.de\/Wordpress_MK\/wp-json\/wp\/v2\/posts\/4954\/revisions\/4962"}],"wp:featuredmedia":[{"embeddable":true,"href":"https:\/\/moeckernkiez-ev.de\/Wordpress_MK\/wp-json\/wp\/v2\/media\/4959"}],"wp:attachment":[{"href":"https:\/\/moeckernkiez-ev.de\/Wordpress_MK\/wp-json\/wp\/v2\/media?parent=4954"}],"wp:term":[{"taxonomy":"category","embeddable":true,"href":"https:\/\/moeckernkiez-ev.de\/Wordpress_MK\/wp-json\/wp\/v2\/categories?post=4954"},{"taxonomy":"post_tag","embeddable":true,"href":"https:\/\/moeckernkiez-ev.de\/Wordpress_MK\/wp-json\/wp\/v2\/tags?post=4954"}],"curies":[{"name":"wp","href":"https:\/\/api.w.org\/{rel}","templated":true}]}}