{"id":5332,"date":"2024-09-25T18:32:33","date_gmt":"2024-09-25T16:32:33","guid":{"rendered":"https:\/\/moeckernkiez-ev.de\/Wordpress_MK\/?p=5332"},"modified":"2025-02-15T10:49:21","modified_gmt":"2025-02-15T09:49:21","slug":"baumentscheid-treffen-kiez-team-kreuzberg-mitte-29-09-2024-11-uhr-im-forum","status":"publish","type":"post","link":"https:\/\/moeckernkiez-ev.de\/Wordpress_MK\/2024\/09\/25\/baumentscheid-treffen-kiez-team-kreuzberg-mitte-29-09-2024-11-uhr-im-forum\/","title":{"rendered":"BaumEntscheid Treffen\u00a0 Kiez-Team Kreuzberg \/Mitte, 29.09.2024, 11 Uhr im Forum"},"content":{"rendered":"\n<p><\/p>\n\n\n\n<p>Am 3. Oktober fangen wir endlich an, Unterschriften f\u00fcr den BaumEntscheid zu sammeln. Wir haben nur 5 Wochen Zeit und brauchen f\u00fcr diese oder auch f\u00fcr die n\u00e4chste Sammelphase im Herbst 2025 noch Unterst\u00fctzung.<\/p>\n\n\n\n<p>Du willst uns unterst\u00fctzen und hast im Oktober etwas Zeit, um Unterschriften zu sammeln oder Listen Standorte zu betreuen?<\/p>\n\n\n\n<p>Du findest den BaumEntscheid spannend und willst Dich erstmal nur dar\u00fcber informieren?&nbsp;<\/p>\n\n\n\n<p>Komm zum Kiez-Team Treffen und werde Teil der Klimaanpassungsbewegung. Denn eins ist klar: auch bei noch so viel Klimaschutz, das Klima \u00e4ndert sich und darauf muss Berlin (und die Welt) reagieren.<\/p>\n\n\n\n<p>Ich werde in den ersten 10-20 min eine kleine Einf\u00fchrung zum Thema geben. Danach geht es haupts\u00e4chlich um die Sammelstrategie und das Kennenlernen der Sammelnden.<\/p>\n\n\n\n<p>Johanna<\/p>\n","protected":false},"excerpt":{"rendered":"<p>Am 3. Oktober fangen wir endlich an, Unterschriften f\u00fcr den BaumEntscheid zu sammeln. Wir haben nur 5 Wochen Zeit und brauchen f\u00fcr diese oder auch f\u00fcr die n\u00e4chste Sammelphase im Herbst 2025 noch Unterst\u00fctzung. Du willst uns unterst\u00fctzen und hast im Oktober etwas Zeit, um Unterschriften zu sammeln oder Listen Standorte zu betreuen? Du findest &#8230; <\/p>\n<p class=\"read-more-container\"><a title=\"BaumEntscheid Treffen\u00a0 Kiez-Team Kreuzberg \/Mitte, 29.09.2024, 11 Uhr im Forum\" class=\"read-more button\" href=\"https:\/\/moeckernkiez-ev.de\/Wordpress_MK\/2024\/09\/25\/baumentscheid-treffen-kiez-team-kreuzberg-mitte-29-09-2024-11-uhr-im-forum\/#more-5332\" aria-label=\"Mehr Informationen \u00fcber BaumEntscheid Treffen\u00a0 Kiez-Team Kreuzberg \/Mitte, 29.09.2024, 11 Uhr im Forum\">Beitrag lesen<\/a><\/p>\n","protected":false},"author":4,"featured_media":5313,"comment_status":"closed","ping_status":"open","sticky":false,"template":"","format":"standard","meta":{"footnotes":""},"categories":[86,58,64,4],"tags":[],"class_list":["post-5332","post","type-post","status-publish","format-standard","has-post-thumbnail","hentry","category-archiv","category-austausch","category-politik","category-veranstaltung"],"publishpress_future_action":{"enabled":false,"date":"2026-05-02 11:48:12","action":"change-status","newStatus":"draft","terms":[],"taxonomy":"category","extraData":[]},"publishpress_future_workflow_manual_trigger":{"enabledWorkflows":[]},"_links":{"self":[{"href":"https:\/\/moeckernkiez-ev.de\/Wordpress_MK\/wp-json\/wp\/v2\/posts\/5332","targetHints":{"allow":["GET"]}}],"collection":[{"href":"https:\/\/moeckernkiez-ev.de\/Wordpress_MK\/wp-json\/wp\/v2\/posts"}],"about":[{"href":"https:\/\/moeckernkiez-ev.de\/Wordpress_MK\/wp-json\/wp\/v2\/types\/post"}],"author":[{"embeddable":true,"href":"https:\/\/moeckernkiez-ev.de\/Wordpress_MK\/wp-json\/wp\/v2\/users\/4"}],"replies":[{"embeddable":true,"href":"https:\/\/moeckernkiez-ev.de\/Wordpress_MK\/wp-json\/wp\/v2\/comments?post=5332"}],"version-history":[{"count":1,"href":"https:\/\/moeckernkiez-ev.de\/Wordpress_MK\/wp-json\/wp\/v2\/posts\/5332\/revisions"}],"predecessor-version":[{"id":5333,"href":"https:\/\/moeckernkiez-ev.de\/Wordpress_MK\/wp-json\/wp\/v2\/posts\/5332\/revisions\/5333"}],"wp:featuredmedia":[{"embeddable":true,"href":"https:\/\/moeckernkiez-ev.de\/Wordpress_MK\/wp-json\/wp\/v2\/media\/5313"}],"wp:attachment":[{"href":"https:\/\/moeckernkiez-ev.de\/Wordpress_MK\/wp-json\/wp\/v2\/media?parent=5332"}],"wp:term":[{"taxonomy":"category","embeddable":true,"href":"https:\/\/moeckernkiez-ev.de\/Wordpress_MK\/wp-json\/wp\/v2\/categories?post=5332"},{"taxonomy":"post_tag","embeddable":true,"href":"https:\/\/moeckernkiez-ev.de\/Wordpress_MK\/wp-json\/wp\/v2\/tags?post=5332"}],"curies":[{"name":"wp","href":"https:\/\/api.w.org\/{rel}","templated":true}]}}