{"id":5395,"date":"2024-09-30T16:04:19","date_gmt":"2024-09-30T14:04:19","guid":{"rendered":"https:\/\/moeckernkiez-ev.de\/Wordpress_MK\/?p=5395"},"modified":"2024-09-30T16:04:19","modified_gmt":"2024-09-30T14:04:19","slug":"lesung-thomas-bernhards-erzaehlung-beton-am-5-10-um-1830-uhr","status":"publish","type":"post","link":"https:\/\/moeckernkiez-ev.de\/Wordpress_MK\/2024\/09\/30\/lesung-thomas-bernhards-erzaehlung-beton-am-5-10-um-1830-uhr\/","title":{"rendered":"Lesung &#8211; Thomas Bernhard\u2019s Erz\u00e4hlung \u201eBeton\u201c am 5.10. um 18:30 Uhr"},"content":{"rendered":"\n<p>Richard Maschke liest szenisch<br>Thomas Bernhard\u2019s Erz\u00e4hlung \u201eBeton\u201c<br>am Samstag, 05. Oktober um 18.30 Uhr<br>im Treffpunkt\/M\u00f6ca<br>\u201eWir haben uns nicht gemacht\u2026\u201c<br>Eine Kom\u00f6die? oder eine Trag\u00f6die?<\/p>\n\n\n\n<p>Der \u00f6sterreichische Autor Thomas Bernhard wurde am 9.Februars 1931 in Heerlen\/Niederlande geboren und starb 1989 in Gmunden\/\u00d6sterreich. Bernhard entwickelte in seiner vielf\u00e4ltigen Prosa und in seinen gesellschaftskritischen Theaterst\u00fccken ein herrlich skurriles, kom\u00f6diantisches Ambiente, eine leichte Verbindung aus Heiterkeit und Schwermut, aus letzten S\u00e4tzen \u00fcber Welt-und Lebensl\u00e4ufe, aus absurden Episoden und erhabenem Ernst.<\/p>\n\n\n\n<p>Beton \u2013 eine meisterliche Perle der Literatur.&nbsp;<br>&#8222;Wir haben &#8211; unter Schmerz und Gel\u00e4chter &#8211; einer Menschwerdung beigewohnt.\u201c<\/p>\n\n\n\n<p><strong>Eintritt frei, Spende erw\u00fcnscht, denn: Spende in den Hut tut gut!<\/strong><\/p>\n","protected":false},"excerpt":{"rendered":"<p>Richard Maschke liest szenischThomas Bernhard\u2019s Erz\u00e4hlung \u201eBeton\u201cam Samstag, 05. Oktober um 18.30 Uhrim Treffpunkt\/M\u00f6ca\u201eWir haben uns nicht gemacht\u2026\u201cEine Kom\u00f6die? oder eine Trag\u00f6die? Der \u00f6sterreichische Autor Thomas Bernhard wurde am 9.Februars 1931 in Heerlen\/Niederlande geboren und starb 1989 in Gmunden\/\u00d6sterreich. Bernhard entwickelte in seiner vielf\u00e4ltigen Prosa und in seinen gesellschaftskritischen Theaterst\u00fccken ein herrlich skurriles, kom\u00f6diantisches Ambiente, &#8230; <\/p>\n<p class=\"read-more-container\"><a title=\"Lesung &#8211; Thomas Bernhard\u2019s Erz\u00e4hlung \u201eBeton\u201c am 5.10. um 18:30 Uhr\" class=\"read-more button\" href=\"https:\/\/moeckernkiez-ev.de\/Wordpress_MK\/2024\/09\/30\/lesung-thomas-bernhards-erzaehlung-beton-am-5-10-um-1830-uhr\/#more-5395\" aria-label=\"Mehr Informationen \u00fcber Lesung &#8211; Thomas Bernhard\u2019s Erz\u00e4hlung \u201eBeton\u201c am 5.10. um 18:30 Uhr\">Beitrag lesen<\/a><\/p>\n","protected":false},"author":4,"featured_media":5396,"comment_status":"closed","ping_status":"open","sticky":false,"template":"","format":"standard","meta":{"footnotes":""},"categories":[86,7,4],"tags":[],"class_list":["post-5395","post","type-post","status-publish","format-standard","has-post-thumbnail","hentry","category-archiv","category-lesung","category-veranstaltung"],"publishpress_future_action":{"enabled":false,"date":"2026-05-08 02:57:16","action":"change-status","newStatus":"draft","terms":[],"taxonomy":"category","extraData":[]},"publishpress_future_workflow_manual_trigger":{"enabledWorkflows":[]},"_links":{"self":[{"href":"https:\/\/moeckernkiez-ev.de\/Wordpress_MK\/wp-json\/wp\/v2\/posts\/5395","targetHints":{"allow":["GET"]}}],"collection":[{"href":"https:\/\/moeckernkiez-ev.de\/Wordpress_MK\/wp-json\/wp\/v2\/posts"}],"about":[{"href":"https:\/\/moeckernkiez-ev.de\/Wordpress_MK\/wp-json\/wp\/v2\/types\/post"}],"author":[{"embeddable":true,"href":"https:\/\/moeckernkiez-ev.de\/Wordpress_MK\/wp-json\/wp\/v2\/users\/4"}],"replies":[{"embeddable":true,"href":"https:\/\/moeckernkiez-ev.de\/Wordpress_MK\/wp-json\/wp\/v2\/comments?post=5395"}],"version-history":[{"count":1,"href":"https:\/\/moeckernkiez-ev.de\/Wordpress_MK\/wp-json\/wp\/v2\/posts\/5395\/revisions"}],"predecessor-version":[{"id":5397,"href":"https:\/\/moeckernkiez-ev.de\/Wordpress_MK\/wp-json\/wp\/v2\/posts\/5395\/revisions\/5397"}],"wp:featuredmedia":[{"embeddable":true,"href":"https:\/\/moeckernkiez-ev.de\/Wordpress_MK\/wp-json\/wp\/v2\/media\/5396"}],"wp:attachment":[{"href":"https:\/\/moeckernkiez-ev.de\/Wordpress_MK\/wp-json\/wp\/v2\/media?parent=5395"}],"wp:term":[{"taxonomy":"category","embeddable":true,"href":"https:\/\/moeckernkiez-ev.de\/Wordpress_MK\/wp-json\/wp\/v2\/categories?post=5395"},{"taxonomy":"post_tag","embeddable":true,"href":"https:\/\/moeckernkiez-ev.de\/Wordpress_MK\/wp-json\/wp\/v2\/tags?post=5395"}],"curies":[{"name":"wp","href":"https:\/\/api.w.org\/{rel}","templated":true}]}}