{"id":5578,"date":"2024-10-24T11:46:33","date_gmt":"2024-10-24T09:46:33","guid":{"rendered":"https:\/\/moeckernkiez-ev.de\/Wordpress_MK\/?p=5578"},"modified":"2025-02-15T10:44:31","modified_gmt":"2025-02-15T09:44:31","slug":"kleinod-in-der-nachbarschaft-das-kleine-grosz-museum","status":"publish","type":"post","link":"https:\/\/moeckernkiez-ev.de\/Wordpress_MK\/2024\/10\/24\/kleinod-in-der-nachbarschaft-das-kleine-grosz-museum\/","title":{"rendered":"Kleinod in der Nachbarschaft: &#8222;Das kleine Grosz-Museum&#8220;"},"content":{"rendered":"\n<p>Seit 2022 gibt es in der B\u00fclowstra\u00dfe 18, 10783 Berlin, das private Museum &#8222;<a href=\"https:\/\/www.daskleinegroszmuseum.berlin\/\">Das kleine Grosz-Museum<\/a>&#8222;. Es widmet sich Leben und Werk des Berliner K\u00fcnstlers George Grosz.<\/p>\n\n\n\n<p>Nun teilt der Museumsbetreiber \u201eGeorge Grosz in Berlin e.V.\u201c mit, dass &#8222;Das kleine Grosz Museum&#8220; nach dem 25. November 2024, dem letzten Tag der Sonder\u00adausstellung \u201eWas sind das f\u00fcr Zeiten? \u2013 Grosz, Brecht &amp; Piscator\u201c, schlie\u00dfen wird.<\/p>\n\n\n\n<p>\u201eWir h\u00e4tten uns keinen gr\u00f6\u00dferen Erfolg f\u00fcr dieses als tempor\u00e4res Projekt angelegte Museum w\u00fcnschen k\u00f6nnen. Wir wollen auf dem H\u00f6hepunkt schlie\u00dfen,\u201c sagt Dr. Pay Matthis Karstens, Co-Vorsitzender des Vereins.<\/p>\n\n\n\n<p>Seit der Er\u00f6ffnung im Mai 2022 zog das Museum j\u00e4hrlich mehr als 30.000 Besuchende an und kann damit \u00fcberdurchschnittliche Zahlen vorweisen. Insgesamt wurden neben der Dauerausstellung f\u00fcnf Sonderausstellungen pr\u00e4sentiert, die jeweils von wissenschaftlich fundierten Ausstellungs\u00adkatalogen begleitet wurden, allesamt im Verlag Walther und Franz K\u00f6nig erschienen. Das Museum hat damit einzelne Aspekte zu Leben und Werk von George Grosz neu beleuchtet sowie die Aktualit\u00e4t seiner k\u00fcnstlerischen Auffassung nachgewiesen. Kooperationen wurden mit der Akademie der K\u00fcnste und dem Heckscher Museum of Art in Long Island (USA) durchgef\u00fchrt; zahlreiche \u00f6ffentliche Museen und private Leihgeber verliehen ihre Werke f\u00fcr die Sonderausstellungen. Ein gro\u00dfes nationales wie internationales Presseecho begleitete alle Aktivit\u00e4ten des Museums.<\/p>\n\n\n\n<p>Aktuell ist die Sonderausstellung mit dem Titel <a href=\"https:\/\/www.daskleinegroszmuseum.berlin\/#ausstellung\">Was sind das f\u00fcr Zeiten? \u2013 Grosz, Brecht &amp; Piscator<\/a> zu sehen.<\/p>\n\n\n\n<p>In der Ausstellung geht es um die k\u00fcnstlerischen Zusammenarbeit und Freundschaft zwischen dem K\u00fcnstler George Grosz, dem Dichter und Dramatiker Bertolt Brecht und dem Theatermacher Erwin Piscator. Ende 1927 inszeniert Piscator im Theater am Nollendorfplatz \u201eDie Abenteuer des braven Soldaten Schwejk\u201c von Jaroslav Ha\u0161ek, den ein Autorenkollektiv unter zentraler Mitwirkung von Brecht f\u00fcr die B\u00fchne bearbeitet. Grosz liefert Hunderte von Zeichnungen f\u00fcr das St\u00fcck. Die multimediale Inszenierung schreibt Theatergeschichte und wird zum gro\u00dfen B\u00fchnenerfolg. Die begleitend zur Auff\u00fchrung ver\u00f6ffentlichte Hintergrund-Mappe von Grosz f\u00fchrt zum l\u00e4ngsten Kunstprozess der Weimarer Republik.<\/p>\n\n\n\n<p>Von der Website <a href=\"https:\/\/www.daskleinegroszmuseum.berlin\/\">https:\/\/www.daskleinegroszmuseum.berlin<\/a> , KB<\/p>\n","protected":false},"excerpt":{"rendered":"<p>Seit 2022 gibt es in der B\u00fclowstra\u00dfe 18, 10783 Berlin, das private Museum &#8222;Das kleine Grosz-Museum&#8222;. Es widmet sich Leben und Werk des Berliner K\u00fcnstlers George Grosz. Nun teilt der Museumsbetreiber \u201eGeorge Grosz in Berlin e.V.\u201c mit, dass &#8222;Das kleine Grosz Museum&#8220; nach dem 25. November 2024, dem letzten Tag der Sonder\u00adausstellung \u201eWas sind das &#8230; <\/p>\n<p class=\"read-more-container\"><a title=\"Kleinod in der Nachbarschaft: &#8222;Das kleine Grosz-Museum&#8220;\" class=\"read-more button\" href=\"https:\/\/moeckernkiez-ev.de\/Wordpress_MK\/2024\/10\/24\/kleinod-in-der-nachbarschaft-das-kleine-grosz-museum\/#more-5578\" aria-label=\"Mehr Informationen \u00fcber Kleinod in der Nachbarschaft: &#8222;Das kleine Grosz-Museum&#8220;\">Beitrag lesen<\/a><\/p>\n","protected":false},"author":6,"featured_media":5580,"comment_status":"closed","ping_status":"open","sticky":false,"template":"","format":"standard","meta":{"footnotes":""},"categories":[1,86,114],"tags":[],"class_list":["post-5578","post","type-post","status-publish","format-standard","has-post-thumbnail","hentry","category-allgemein","category-archiv","category-geschichte"],"publishpress_future_action":{"enabled":false,"date":"2026-05-10 16:32:28","action":"change-status","newStatus":"draft","terms":[],"taxonomy":"category","extraData":[]},"publishpress_future_workflow_manual_trigger":{"enabledWorkflows":[]},"_links":{"self":[{"href":"https:\/\/moeckernkiez-ev.de\/Wordpress_MK\/wp-json\/wp\/v2\/posts\/5578","targetHints":{"allow":["GET"]}}],"collection":[{"href":"https:\/\/moeckernkiez-ev.de\/Wordpress_MK\/wp-json\/wp\/v2\/posts"}],"about":[{"href":"https:\/\/moeckernkiez-ev.de\/Wordpress_MK\/wp-json\/wp\/v2\/types\/post"}],"author":[{"embeddable":true,"href":"https:\/\/moeckernkiez-ev.de\/Wordpress_MK\/wp-json\/wp\/v2\/users\/6"}],"replies":[{"embeddable":true,"href":"https:\/\/moeckernkiez-ev.de\/Wordpress_MK\/wp-json\/wp\/v2\/comments?post=5578"}],"version-history":[{"count":8,"href":"https:\/\/moeckernkiez-ev.de\/Wordpress_MK\/wp-json\/wp\/v2\/posts\/5578\/revisions"}],"predecessor-version":[{"id":5587,"href":"https:\/\/moeckernkiez-ev.de\/Wordpress_MK\/wp-json\/wp\/v2\/posts\/5578\/revisions\/5587"}],"wp:featuredmedia":[{"embeddable":true,"href":"https:\/\/moeckernkiez-ev.de\/Wordpress_MK\/wp-json\/wp\/v2\/media\/5580"}],"wp:attachment":[{"href":"https:\/\/moeckernkiez-ev.de\/Wordpress_MK\/wp-json\/wp\/v2\/media?parent=5578"}],"wp:term":[{"taxonomy":"category","embeddable":true,"href":"https:\/\/moeckernkiez-ev.de\/Wordpress_MK\/wp-json\/wp\/v2\/categories?post=5578"},{"taxonomy":"post_tag","embeddable":true,"href":"https:\/\/moeckernkiez-ev.de\/Wordpress_MK\/wp-json\/wp\/v2\/tags?post=5578"}],"curies":[{"name":"wp","href":"https:\/\/api.w.org\/{rel}","templated":true}]}}