{"id":6196,"date":"2025-01-15T20:31:28","date_gmt":"2025-01-15T19:31:28","guid":{"rendered":"https:\/\/moeckernkiez-ev.de\/Wordpress_MK\/?p=6196"},"modified":"2025-01-27T17:16:42","modified_gmt":"2025-01-27T16:16:42","slug":"einladung-veranstaltung-der-klima-ag-zur-bundestagswahl-2025-26-1-25-1100-uhr","status":"publish","type":"post","link":"https:\/\/moeckernkiez-ev.de\/Wordpress_MK\/2025\/01\/15\/einladung-veranstaltung-der-klima-ag-zur-bundestagswahl-2025-26-1-25-1100-uhr\/","title":{"rendered":"Einladung: Veranstaltung der Klima-AG zur Bundestagswahl 2025; 26.1.25 11:00 Uhr im Forum"},"content":{"rendered":"\n<p><strong>Was sagen die Parteien zur Klimakrise?<\/strong><\/p>\n\n\n\n<p><strong>Sonntag, 26.1. um 11.00 Uhr im Forum<\/strong><\/p>\n\n\n\n<p>Stell dir vor, es ist Klimakrise und keiner schaut hin\u2026 Diesen Eindruck kann man gewinnen, wenn man die Wahlprogramme der Parteien studiert.<\/p>\n\n\n\n<p>In der \u00d6ffentlichkeit wird die Klimakatastrophe verleugnet, verneint, verdr\u00e4ngt, bagatellisiert oder benutzt, um gesellschaftliche Spaltungen zu sch\u00fcren. Doch mehr als zwei Drittel der Deutschen halten dieses Thema f\u00fcr sehr wichtig. Viele Menschen handeln bereits erfolgreich, um die Energiewende zu beschleunigen und sich an Klimaver\u00e4nderungen und extremes Wetter anzupassen.<\/p>\n\n\n\n<p>Wir wollen die Parteien nicht einfach so davonkommen lassen! Denn wir brauchen jetzt von der Politik unterst\u00fctzende Rahmenbedingungen. Deshalb m\u00f6chten wir Euch informieren, was die jeweiligen Wahlprogramme der Parteien \u00fcber das Thema Klima in den Sektoren Energie, W\u00e4rme und Verkehr enthalten, auch \u00fcber das, was fehlt, und wie sie Transformation finanzieren wollen.<\/p>\n\n\n\n<p>Sprecht mit Euren Nachbarn, stellt Politiker*innen die richtigen Fragen und konfrontiert sie mit dem Thema!&nbsp;<\/p>\n\n\n\n<p>Das k\u00f6nnte vielleicht auch Politiker*innen ermutigen, gute Entscheidungen zu treffen\u2026!?<\/p>\n","protected":false},"excerpt":{"rendered":"<p>Was sagen die Parteien zur Klimakrise? Sonntag, 26.1. um 11.00 Uhr im Forum Stell dir vor, es ist Klimakrise und keiner schaut hin\u2026 Diesen Eindruck kann man gewinnen, wenn man die Wahlprogramme der Parteien studiert. In der \u00d6ffentlichkeit wird die Klimakatastrophe verleugnet, verneint, verdr\u00e4ngt, bagatellisiert oder benutzt, um gesellschaftliche Spaltungen zu sch\u00fcren. Doch mehr als &#8230; <\/p>\n<p class=\"read-more-container\"><a title=\"Einladung: Veranstaltung der Klima-AG zur Bundestagswahl 2025; 26.1.25 11:00 Uhr im Forum\" class=\"read-more button\" href=\"https:\/\/moeckernkiez-ev.de\/Wordpress_MK\/2025\/01\/15\/einladung-veranstaltung-der-klima-ag-zur-bundestagswahl-2025-26-1-25-1100-uhr\/#more-6196\" aria-label=\"Mehr Informationen \u00fcber Einladung: Veranstaltung der Klima-AG zur Bundestagswahl 2025; 26.1.25 11:00 Uhr im Forum\">Beitrag lesen<\/a><\/p>\n","protected":false},"author":3,"featured_media":0,"comment_status":"closed","ping_status":"open","sticky":false,"template":"","format":"standard","meta":{"footnotes":""},"categories":[86,58,64,4],"tags":[],"class_list":["post-6196","post","type-post","status-publish","format-standard","hentry","category-archiv","category-austausch","category-politik","category-veranstaltung"],"publishpress_future_action":{"enabled":false,"date":"2026-05-07 07:14:54","action":"change-status","newStatus":"draft","terms":[],"taxonomy":"category","extraData":[]},"publishpress_future_workflow_manual_trigger":{"enabledWorkflows":[]},"_links":{"self":[{"href":"https:\/\/moeckernkiez-ev.de\/Wordpress_MK\/wp-json\/wp\/v2\/posts\/6196","targetHints":{"allow":["GET"]}}],"collection":[{"href":"https:\/\/moeckernkiez-ev.de\/Wordpress_MK\/wp-json\/wp\/v2\/posts"}],"about":[{"href":"https:\/\/moeckernkiez-ev.de\/Wordpress_MK\/wp-json\/wp\/v2\/types\/post"}],"author":[{"embeddable":true,"href":"https:\/\/moeckernkiez-ev.de\/Wordpress_MK\/wp-json\/wp\/v2\/users\/3"}],"replies":[{"embeddable":true,"href":"https:\/\/moeckernkiez-ev.de\/Wordpress_MK\/wp-json\/wp\/v2\/comments?post=6196"}],"version-history":[{"count":3,"href":"https:\/\/moeckernkiez-ev.de\/Wordpress_MK\/wp-json\/wp\/v2\/posts\/6196\/revisions"}],"predecessor-version":[{"id":6266,"href":"https:\/\/moeckernkiez-ev.de\/Wordpress_MK\/wp-json\/wp\/v2\/posts\/6196\/revisions\/6266"}],"wp:attachment":[{"href":"https:\/\/moeckernkiez-ev.de\/Wordpress_MK\/wp-json\/wp\/v2\/media?parent=6196"}],"wp:term":[{"taxonomy":"category","embeddable":true,"href":"https:\/\/moeckernkiez-ev.de\/Wordpress_MK\/wp-json\/wp\/v2\/categories?post=6196"},{"taxonomy":"post_tag","embeddable":true,"href":"https:\/\/moeckernkiez-ev.de\/Wordpress_MK\/wp-json\/wp\/v2\/tags?post=6196"}],"curies":[{"name":"wp","href":"https:\/\/api.w.org\/{rel}","templated":true}]}}