{"id":6267,"date":"2025-01-25T19:42:28","date_gmt":"2025-01-25T18:42:28","guid":{"rendered":"https:\/\/moeckernkiez-ev.de\/Wordpress_MK\/?p=6267"},"modified":"2025-02-15T10:59:44","modified_gmt":"2025-02-15T09:59:44","slug":"lichtermeer-am-brandenburger-tor","status":"publish","type":"post","link":"https:\/\/moeckernkiez-ev.de\/Wordpress_MK\/2025\/01\/25\/lichtermeer-am-brandenburger-tor\/","title":{"rendered":"Lichtermeer am Brandenburger Tor"},"content":{"rendered":"\n<p>Wir stehen zusammen! <\/p>\n\n\n\n<p>So hie\u00df die Familien-Kundgebung mit Lichtermeer am Samstag vor dem Brandenburger Tor. Und es war wirklich ein un\u00fcbersehbares Lichtermeer das gegen den Rechtsruck entz\u00fcndet wurde. Vielerlei Lichter waren zu sehen, auch viele gut bekannte Lichterketten aus der Weihnachtszeit. Und viele Kinder, die Familien haben ihre Kinder mitgebracht, vom Winzling bis zum Teenie. Eine Familienangelegenheit. <\/p>\n\n\n\n<p>F\u00fcr Demokratie und gegen die radikalen Rechten gingen die Menschen auf die Stra\u00dfe, in Berlin vor dem Brandenburger Tor und an vielen anderen Orten in Deutschland.  <\/p>\n\n\n\n<p>KB<\/p>\n\n\n\n<figure class=\"wp-block-image size-large is-resized\"><img loading=\"lazy\" decoding=\"async\" width=\"1024\" height=\"768\" src=\"https:\/\/moeckernkiez-ev.de\/Wordpress_MK\/wp-content\/uploads\/2025\/01\/Demo1-1-1024x768.jpg\" alt=\"\" class=\"wp-image-6272\" style=\"width:692px;height:auto\" srcset=\"https:\/\/moeckernkiez-ev.de\/Wordpress_MK\/wp-content\/uploads\/2025\/01\/Demo1-1-1024x768.jpg 1024w, https:\/\/moeckernkiez-ev.de\/Wordpress_MK\/wp-content\/uploads\/2025\/01\/Demo1-1-300x225.jpg 300w, https:\/\/moeckernkiez-ev.de\/Wordpress_MK\/wp-content\/uploads\/2025\/01\/Demo1-1-768x576.jpg 768w, https:\/\/moeckernkiez-ev.de\/Wordpress_MK\/wp-content\/uploads\/2025\/01\/Demo1-1-1536x1152.jpg 1536w, https:\/\/moeckernkiez-ev.de\/Wordpress_MK\/wp-content\/uploads\/2025\/01\/Demo1-1-2048x1536.jpg 2048w, https:\/\/moeckernkiez-ev.de\/Wordpress_MK\/wp-content\/uploads\/2025\/01\/Demo1-1-1320x990.jpg 1320w\" sizes=\"auto, (max-width: 1024px) 100vw, 1024px\" \/><\/figure>\n\n\n\n<figure class=\"wp-block-gallery has-nested-images columns-default is-cropped wp-block-gallery-1 is-layout-flex wp-block-gallery-is-layout-flex\">\n<figure class=\"wp-block-image size-large\"><img loading=\"lazy\" decoding=\"async\" width=\"1024\" height=\"768\" data-id=\"6270\" src=\"https:\/\/moeckernkiez-ev.de\/Wordpress_MK\/wp-content\/uploads\/2025\/01\/Demo2-1024x768.jpg\" alt=\"\" class=\"wp-image-6270\" srcset=\"https:\/\/moeckernkiez-ev.de\/Wordpress_MK\/wp-content\/uploads\/2025\/01\/Demo2-1024x768.jpg 1024w, https:\/\/moeckernkiez-ev.de\/Wordpress_MK\/wp-content\/uploads\/2025\/01\/Demo2-300x225.jpg 300w, https:\/\/moeckernkiez-ev.de\/Wordpress_MK\/wp-content\/uploads\/2025\/01\/Demo2-768x576.jpg 768w, https:\/\/moeckernkiez-ev.de\/Wordpress_MK\/wp-content\/uploads\/2025\/01\/Demo2-1536x1152.jpg 1536w, https:\/\/moeckernkiez-ev.de\/Wordpress_MK\/wp-content\/uploads\/2025\/01\/Demo2-2048x1536.jpg 2048w, https:\/\/moeckernkiez-ev.de\/Wordpress_MK\/wp-content\/uploads\/2025\/01\/Demo2-1320x990.jpg 1320w\" sizes=\"auto, (max-width: 1024px) 100vw, 1024px\" \/><\/figure>\n\n\n\n<figure class=\"wp-block-image size-large\"><img loading=\"lazy\" decoding=\"async\" width=\"1024\" height=\"768\" data-id=\"6269\" src=\"https:\/\/moeckernkiez-ev.de\/Wordpress_MK\/wp-content\/uploads\/2025\/01\/Demo3-1024x768.jpg\" alt=\"\" class=\"wp-image-6269\" srcset=\"https:\/\/moeckernkiez-ev.de\/Wordpress_MK\/wp-content\/uploads\/2025\/01\/Demo3-1024x768.jpg 1024w, https:\/\/moeckernkiez-ev.de\/Wordpress_MK\/wp-content\/uploads\/2025\/01\/Demo3-300x225.jpg 300w, https:\/\/moeckernkiez-ev.de\/Wordpress_MK\/wp-content\/uploads\/2025\/01\/Demo3-768x576.jpg 768w, https:\/\/moeckernkiez-ev.de\/Wordpress_MK\/wp-content\/uploads\/2025\/01\/Demo3-1536x1152.jpg 1536w, https:\/\/moeckernkiez-ev.de\/Wordpress_MK\/wp-content\/uploads\/2025\/01\/Demo3-1320x990.jpg 1320w, https:\/\/moeckernkiez-ev.de\/Wordpress_MK\/wp-content\/uploads\/2025\/01\/Demo3.jpg 1905w\" sizes=\"auto, (max-width: 1024px) 100vw, 1024px\" \/><\/figure>\n<\/figure>\n","protected":false},"excerpt":{"rendered":"<p>Wir stehen zusammen! So hie\u00df die Familien-Kundgebung mit Lichtermeer am Samstag vor dem Brandenburger Tor. Und es war wirklich ein un\u00fcbersehbares Lichtermeer das gegen den Rechtsruck entz\u00fcndet wurde. Vielerlei Lichter waren zu sehen, auch viele gut bekannte Lichterketten aus der Weihnachtszeit. Und viele Kinder, die Familien haben ihre Kinder mitgebracht, vom Winzling bis zum Teenie. &#8230; <\/p>\n<p class=\"read-more-container\"><a title=\"Lichtermeer am Brandenburger Tor\" class=\"read-more button\" href=\"https:\/\/moeckernkiez-ev.de\/Wordpress_MK\/2025\/01\/25\/lichtermeer-am-brandenburger-tor\/#more-6267\" aria-label=\"Mehr Informationen \u00fcber Lichtermeer am Brandenburger Tor\">Beitrag lesen<\/a><\/p>\n","protected":false},"author":6,"featured_media":6271,"comment_status":"closed","ping_status":"open","sticky":false,"template":"","format":"standard","meta":{"footnotes":""},"categories":[1,86,91,11,64,4],"tags":[],"class_list":["post-6267","post","type-post","status-publish","format-standard","has-post-thumbnail","hentry","category-allgemein","category-archiv","category-familien","category-klimaschutz","category-politik","category-veranstaltung"],"publishpress_future_action":{"enabled":false,"date":"2026-05-08 09:07:18","action":"change-status","newStatus":"draft","terms":[],"taxonomy":"category","extraData":[]},"publishpress_future_workflow_manual_trigger":{"enabledWorkflows":[]},"_links":{"self":[{"href":"https:\/\/moeckernkiez-ev.de\/Wordpress_MK\/wp-json\/wp\/v2\/posts\/6267","targetHints":{"allow":["GET"]}}],"collection":[{"href":"https:\/\/moeckernkiez-ev.de\/Wordpress_MK\/wp-json\/wp\/v2\/posts"}],"about":[{"href":"https:\/\/moeckernkiez-ev.de\/Wordpress_MK\/wp-json\/wp\/v2\/types\/post"}],"author":[{"embeddable":true,"href":"https:\/\/moeckernkiez-ev.de\/Wordpress_MK\/wp-json\/wp\/v2\/users\/6"}],"replies":[{"embeddable":true,"href":"https:\/\/moeckernkiez-ev.de\/Wordpress_MK\/wp-json\/wp\/v2\/comments?post=6267"}],"version-history":[{"count":3,"href":"https:\/\/moeckernkiez-ev.de\/Wordpress_MK\/wp-json\/wp\/v2\/posts\/6267\/revisions"}],"predecessor-version":[{"id":6275,"href":"https:\/\/moeckernkiez-ev.de\/Wordpress_MK\/wp-json\/wp\/v2\/posts\/6267\/revisions\/6275"}],"wp:featuredmedia":[{"embeddable":true,"href":"https:\/\/moeckernkiez-ev.de\/Wordpress_MK\/wp-json\/wp\/v2\/media\/6271"}],"wp:attachment":[{"href":"https:\/\/moeckernkiez-ev.de\/Wordpress_MK\/wp-json\/wp\/v2\/media?parent=6267"}],"wp:term":[{"taxonomy":"category","embeddable":true,"href":"https:\/\/moeckernkiez-ev.de\/Wordpress_MK\/wp-json\/wp\/v2\/categories?post=6267"},{"taxonomy":"post_tag","embeddable":true,"href":"https:\/\/moeckernkiez-ev.de\/Wordpress_MK\/wp-json\/wp\/v2\/tags?post=6267"}],"curies":[{"name":"wp","href":"https:\/\/api.w.org\/{rel}","templated":true}]}}