{"id":7056,"date":"2025-05-08T21:25:29","date_gmt":"2025-05-08T19:25:29","guid":{"rendered":"https:\/\/moeckernkiez-ev.de\/Wordpress_MK\/?p=7056"},"modified":"2025-05-09T10:12:14","modified_gmt":"2025-05-09T08:12:14","slug":"nach-win10-linux-vortrag-zusaetzliche-unterstuetzungsangebote","status":"publish","type":"post","link":"https:\/\/moeckernkiez-ev.de\/Wordpress_MK\/2025\/05\/08\/nach-win10-linux-vortrag-zusaetzliche-unterstuetzungsangebote\/","title":{"rendered":"Nach Win10\/Linux Vortrag &#8211; zus\u00e4tzliche Unterst\u00fctzungsangebote"},"content":{"rendered":"\n<p>Nach dem Win10\/Linux Vortrag am Montag, den 28.4. gab es viel Interesse an weiteren Unterst\u00fctzungsangeboten um den Wechsel von Windows 10 zu Linux gut bew\u00e4ltigen zu k\u00f6nnen.<\/p>\n\n\n\n<p>Ich freue mich, euch mit folgenden Angeboten unterst\u00fctzen zu k\u00f6nnen:<\/p>\n\n\n<div class=\"wp-block-image\">\n<figure class=\"alignleft size-full\"><img loading=\"lazy\" decoding=\"async\" width=\"128\" height=\"152\" src=\"https:\/\/moeckernkiez-ev.de\/Wordpress_MK\/wp-content\/uploads\/2025\/05\/128px-Tux.svg_.png\" alt=\"\" class=\"wp-image-7173\"\/><\/figure>\n<\/div>\n\n\n<p>Win10\/Linux-Sprechstunde: Montags von 16:00 bis 17:30 Uhr (<strong>vor<\/strong> der Computersprechstunde) im Werkraum an folgenden Terminen: 12. Mai, 19. Mai, 2. Juni, 16. Juni und 30. Juni. Gerne mit Anmeldung bei bettina.louis[\u00e4t]posteo.de.<\/p>\n\n\n\n<p>Signal Gruppe: Ich habe die Signal-Gruppe &#8222;Linux-MK&#8220; eingerichtet, um Unterst\u00fctzungsangebote besser mit euch abstimmen zu k\u00f6nnen. Hier k\u00f6nnt ihr der Gruppe beitreten: <a href=\"https:\/\/signal.group\/#CjQKILSMqyrcBDNZ8ifSOE1hVzvlkgPuqjFPle3F-RKAd2krEhAvpk3zkrq04Z4nwaAjF5xj\">Signal &#8211; Gruppe beitreten<\/a><br><br>Viele Angebote gibt es auch auf der Webseite des Endof10-Projektes unter <a href=\"https:\/\/endof10.org\/places\/\">endof10.org\/places<\/a> oder <a href=\"https:\/\/endof10.org\/events\/\">endof10.org\/events<\/a>. In der Suche k\u00f6nnt ihr z.B. Berlin eingeben, um lokale Angebote zu finden. Es werden in den n\u00e4chsten Wochen weitere Orte und Veranstaltungen dazu kommen.<\/p>\n\n\n\n<p class=\"has-small-font-size\">Bildnachweis: lewing@isc.tamu.edu Larry Ewing and The GIMP, CC0, via Wikimedia Commons<\/p>\n\n\n\n<p><\/p>\n","protected":false},"excerpt":{"rendered":"<p>Nach dem Win10\/Linux Vortrag am Montag, den 28.4. gab es viel Interesse an weiteren Unterst\u00fctzungsangeboten um den Wechsel von Windows 10 zu Linux gut bew\u00e4ltigen zu k\u00f6nnen. Ich freue mich, euch mit folgenden Angeboten unterst\u00fctzen zu k\u00f6nnen: Win10\/Linux-Sprechstunde: Montags von 16:00 bis 17:30 Uhr (vor der Computersprechstunde) im Werkraum an folgenden Terminen: 12. Mai, 19. &#8230; <\/p>\n<p class=\"read-more-container\"><a title=\"Nach Win10\/Linux Vortrag &#8211; zus\u00e4tzliche Unterst\u00fctzungsangebote\" class=\"read-more button\" href=\"https:\/\/moeckernkiez-ev.de\/Wordpress_MK\/2025\/05\/08\/nach-win10-linux-vortrag-zusaetzliche-unterstuetzungsangebote\/#more-7056\" aria-label=\"Mehr Informationen \u00fcber Nach Win10\/Linux Vortrag &#8211; zus\u00e4tzliche Unterst\u00fctzungsangebote\">Beitrag lesen<\/a><\/p>\n","protected":false},"author":4,"featured_media":7173,"comment_status":"closed","ping_status":"open","sticky":false,"template":"","format":"standard","meta":{"footnotes":""},"categories":[58,132,92],"tags":[],"class_list":["post-7056","post","type-post","status-publish","format-standard","has-post-thumbnail","hentry","category-austausch","category-technik","category-werkraum-2"],"publishpress_future_action":{"enabled":false,"date":"2026-05-04 09:45:05","action":"change-status","newStatus":"draft","terms":[],"taxonomy":"category","extraData":[]},"publishpress_future_workflow_manual_trigger":{"enabledWorkflows":[]},"_links":{"self":[{"href":"https:\/\/moeckernkiez-ev.de\/Wordpress_MK\/wp-json\/wp\/v2\/posts\/7056","targetHints":{"allow":["GET"]}}],"collection":[{"href":"https:\/\/moeckernkiez-ev.de\/Wordpress_MK\/wp-json\/wp\/v2\/posts"}],"about":[{"href":"https:\/\/moeckernkiez-ev.de\/Wordpress_MK\/wp-json\/wp\/v2\/types\/post"}],"author":[{"embeddable":true,"href":"https:\/\/moeckernkiez-ev.de\/Wordpress_MK\/wp-json\/wp\/v2\/users\/4"}],"replies":[{"embeddable":true,"href":"https:\/\/moeckernkiez-ev.de\/Wordpress_MK\/wp-json\/wp\/v2\/comments?post=7056"}],"version-history":[{"count":17,"href":"https:\/\/moeckernkiez-ev.de\/Wordpress_MK\/wp-json\/wp\/v2\/posts\/7056\/revisions"}],"predecessor-version":[{"id":7186,"href":"https:\/\/moeckernkiez-ev.de\/Wordpress_MK\/wp-json\/wp\/v2\/posts\/7056\/revisions\/7186"}],"wp:featuredmedia":[{"embeddable":true,"href":"https:\/\/moeckernkiez-ev.de\/Wordpress_MK\/wp-json\/wp\/v2\/media\/7173"}],"wp:attachment":[{"href":"https:\/\/moeckernkiez-ev.de\/Wordpress_MK\/wp-json\/wp\/v2\/media?parent=7056"}],"wp:term":[{"taxonomy":"category","embeddable":true,"href":"https:\/\/moeckernkiez-ev.de\/Wordpress_MK\/wp-json\/wp\/v2\/categories?post=7056"},{"taxonomy":"post_tag","embeddable":true,"href":"https:\/\/moeckernkiez-ev.de\/Wordpress_MK\/wp-json\/wp\/v2\/tags?post=7056"}],"curies":[{"name":"wp","href":"https:\/\/api.w.org\/{rel}","templated":true}]}}