{"id":7148,"date":"2025-05-08T17:38:28","date_gmt":"2025-05-08T15:38:28","guid":{"rendered":"https:\/\/moeckernkiez-ev.de\/Wordpress_MK\/?p=7148"},"modified":"2026-04-11T11:23:52","modified_gmt":"2026-04-11T09:23:52","slug":"fahrradkorso-zur-kundgebung-80-jahre-befreiung-von-den-nazis","status":"publish","type":"post","link":"https:\/\/moeckernkiez-ev.de\/Wordpress_MK\/2025\/05\/08\/fahrradkorso-zur-kundgebung-80-jahre-befreiung-von-den-nazis\/","title":{"rendered":"Fahrradkorso zur Kundgebung 80 Jahre Kriegsende und Befreiung von den Nazis"},"content":{"rendered":"\n<p>Vom Schulenburgring 2 zum Bebelplatz in Mitte, das war die Route eines von insgesamt 6 Fahrradkorsos. Im Haus Schulenburgring 2 fand am 2.Mai 1945 die Kapitulation Berlins statt, nach der Schlacht um Berlin, der letzten gro\u00dfen Schlacht des 2.Weltkrieges in Europa.<\/p>\n\n\n\n<p>Die Hausgemeinschaft des Privathauses Schulenburgring 2 hatte einen gemeinsamen Kranz zur Erinnerung niedergelegt, ein Hausbewohner sprach auf der Auftakt-Kundgebung des VVN am Schulenburgring. Dem Engagement der HausbewohnerInnen ist es zu verdanken, dass es j\u00e4hrliche Erinnerungsveranstaltungen gibt, und das seit \u00fcber 30 Jahren. Im Hausflur sind historische und <a href=\"https:\/\/moeckernkiez-ev.de\/Wordpress_MK\/wp-content\/uploads\/2025\/05\/IMG20250508143119.jpg\">Erinnerungsfotos <\/a>zu den Gedenkveranstaltungen zu sehen.<\/p>\n\n\n\n<p>Hundert Radfahrer machten sich dann auf in Richtung Bebelplatz, mit einer Zwischenstation in der Bergmannstra\u00dfe, bei der <a href=\"https:\/\/verortungen.de\/gedenkorte\/berlin-bergmannstrasse-trollmann-boxcamp\/\">Gedenkstele <\/a>f\u00fcr den Boxer Johann Krollmann. Krollmann war Deutscher Meister im Halbschwergewicht gewesen, der Titel wurde ihm als Sohn einer sinto-deutschen Familie von den Nazis aber aberkannt. Johann Krollmann wurde 1944 im KZ get\u00f6tet.<\/p>\n\n\n\n<p>Ab 16 Uhr war dann die gro\u00dfe Kundgebung und Gedenkfeier zu dem 80-j\u00e4hrigen Jubil\u00e4um der Befreiung Deutschlands von den Nazis auf dem Bebelplatz.<\/p>\n\n\n\n<p>KB<\/p>\n\n\n\n<figure class=\"wp-block-image size-large is-resized\"><img loading=\"lazy\" decoding=\"async\" width=\"768\" height=\"1024\" src=\"https:\/\/moeckernkiez-ev.de\/Wordpress_MK\/wp-content\/uploads\/2025\/05\/IMG20250508134819-1-768x1024.jpg\" alt=\"\" class=\"wp-image-7160\" style=\"width:317px;height:auto\" srcset=\"https:\/\/moeckernkiez-ev.de\/Wordpress_MK\/wp-content\/uploads\/2025\/05\/IMG20250508134819-1-768x1024.jpg 768w, https:\/\/moeckernkiez-ev.de\/Wordpress_MK\/wp-content\/uploads\/2025\/05\/IMG20250508134819-1-225x300.jpg 225w, https:\/\/moeckernkiez-ev.de\/Wordpress_MK\/wp-content\/uploads\/2025\/05\/IMG20250508134819-1-1152x1536.jpg 1152w, https:\/\/moeckernkiez-ev.de\/Wordpress_MK\/wp-content\/uploads\/2025\/05\/IMG20250508134819-1.jpg 1271w\" sizes=\"auto, (max-width: 768px) 100vw, 768px\" \/><\/figure>\n\n\n\n<figure class=\"wp-block-image size-large is-resized\"><img loading=\"lazy\" decoding=\"async\" width=\"768\" height=\"1024\" src=\"https:\/\/moeckernkiez-ev.de\/Wordpress_MK\/wp-content\/uploads\/2025\/05\/IMG20250508145651-1-768x1024.jpg\" alt=\"\" class=\"wp-image-7158\" style=\"width:318px;height:auto\" srcset=\"https:\/\/moeckernkiez-ev.de\/Wordpress_MK\/wp-content\/uploads\/2025\/05\/IMG20250508145651-1-768x1024.jpg 768w, https:\/\/moeckernkiez-ev.de\/Wordpress_MK\/wp-content\/uploads\/2025\/05\/IMG20250508145651-1-225x300.jpg 225w, https:\/\/moeckernkiez-ev.de\/Wordpress_MK\/wp-content\/uploads\/2025\/05\/IMG20250508145651-1-1152x1536.jpg 1152w, https:\/\/moeckernkiez-ev.de\/Wordpress_MK\/wp-content\/uploads\/2025\/05\/IMG20250508145651-1.jpg 1306w\" sizes=\"auto, (max-width: 768px) 100vw, 768px\" \/><\/figure>\n\n\n\n<p><\/p>\n","protected":false},"excerpt":{"rendered":"<p>Vom Schulenburgring 2 zum Bebelplatz in Mitte, das war die Route eines von insgesamt 6 Fahrradkorsos. Im Haus Schulenburgring 2 fand am 2.Mai 1945 die Kapitulation Berlins statt, nach der Schlacht um Berlin, der letzten gro\u00dfen Schlacht des 2.Weltkrieges in Europa. Die Hausgemeinschaft des Privathauses Schulenburgring 2 hatte einen gemeinsamen Kranz zur Erinnerung niedergelegt, ein &#8230; <\/p>\n<p class=\"read-more-container\"><a title=\"Fahrradkorso zur Kundgebung 80 Jahre Kriegsende und Befreiung von den Nazis\" class=\"read-more button\" href=\"https:\/\/moeckernkiez-ev.de\/Wordpress_MK\/2025\/05\/08\/fahrradkorso-zur-kundgebung-80-jahre-befreiung-von-den-nazis\/#more-7148\" aria-label=\"Mehr Informationen \u00fcber Fahrradkorso zur Kundgebung 80 Jahre Kriegsende und Befreiung von den Nazis\">Beitrag lesen<\/a><\/p>\n","protected":false},"author":6,"featured_media":7154,"comment_status":"closed","ping_status":"open","sticky":false,"template":"","format":"standard","meta":{"footnotes":""},"categories":[1,86],"tags":[],"class_list":["post-7148","post","type-post","status-publish","format-standard","has-post-thumbnail","hentry","category-allgemein","category-archiv"],"publishpress_future_action":{"enabled":false,"date":"2026-05-04 11:12:30","action":"change-status","newStatus":"draft","terms":[],"taxonomy":"category","extraData":[]},"publishpress_future_workflow_manual_trigger":{"enabledWorkflows":[]},"_links":{"self":[{"href":"https:\/\/moeckernkiez-ev.de\/Wordpress_MK\/wp-json\/wp\/v2\/posts\/7148","targetHints":{"allow":["GET"]}}],"collection":[{"href":"https:\/\/moeckernkiez-ev.de\/Wordpress_MK\/wp-json\/wp\/v2\/posts"}],"about":[{"href":"https:\/\/moeckernkiez-ev.de\/Wordpress_MK\/wp-json\/wp\/v2\/types\/post"}],"author":[{"embeddable":true,"href":"https:\/\/moeckernkiez-ev.de\/Wordpress_MK\/wp-json\/wp\/v2\/users\/6"}],"replies":[{"embeddable":true,"href":"https:\/\/moeckernkiez-ev.de\/Wordpress_MK\/wp-json\/wp\/v2\/comments?post=7148"}],"version-history":[{"count":11,"href":"https:\/\/moeckernkiez-ev.de\/Wordpress_MK\/wp-json\/wp\/v2\/posts\/7148\/revisions"}],"predecessor-version":[{"id":7167,"href":"https:\/\/moeckernkiez-ev.de\/Wordpress_MK\/wp-json\/wp\/v2\/posts\/7148\/revisions\/7167"}],"wp:featuredmedia":[{"embeddable":true,"href":"https:\/\/moeckernkiez-ev.de\/Wordpress_MK\/wp-json\/wp\/v2\/media\/7154"}],"wp:attachment":[{"href":"https:\/\/moeckernkiez-ev.de\/Wordpress_MK\/wp-json\/wp\/v2\/media?parent=7148"}],"wp:term":[{"taxonomy":"category","embeddable":true,"href":"https:\/\/moeckernkiez-ev.de\/Wordpress_MK\/wp-json\/wp\/v2\/categories?post=7148"},{"taxonomy":"post_tag","embeddable":true,"href":"https:\/\/moeckernkiez-ev.de\/Wordpress_MK\/wp-json\/wp\/v2\/tags?post=7148"}],"curies":[{"name":"wp","href":"https:\/\/api.w.org\/{rel}","templated":true}]}}