{"id":7651,"date":"2025-06-09T19:07:38","date_gmt":"2025-06-09T17:07:38","guid":{"rendered":"https:\/\/moeckernkiez-ev.de\/Wordpress_MK\/?p=7651"},"modified":"2025-06-16T08:40:02","modified_gmt":"2025-06-16T06:40:02","slug":"klima-und-hitzeschutz-im-moeckernkiez","status":"publish","type":"post","link":"https:\/\/moeckernkiez-ev.de\/Wordpress_MK\/2025\/06\/09\/klima-und-hitzeschutz-im-moeckernkiez\/","title":{"rendered":"Klima- und Hitzeschutz im M\u00f6ckernkiez"},"content":{"rendered":"\n<p>Wie auch letztes Jahr m\u00f6chten wir Euch Im Rahmen des Hitzeaktionstages vorstellen, wie wir uns selbst und andere vor Hitze sch\u00fctzen k\u00f6nnen und mit welchen Bedingungen wir mittel- bis langfristig rechnen m\u00fcssen.<br>Zus\u00e4tzlich m\u00f6chten wir Euch das Klimaanpassungskonzeptes unseres Bezirks vorstellen und darauf eingehen, warum wir es f\u00fcr sinnvoll halten, auch f\u00fcr den M\u00f6ckernkiez ein Klimaanpassungskonzept zu erstellen.<\/p>\n\n\n\n<p>Wir freuen uns auf Eure Teilnahme.<\/p>\n\n\n\n<p>Ort:                   Forum<\/p>\n\n\n\n<p>Datum:             Mittwoch 11.6.2025<\/p>\n\n\n\n<p>Zeit:                  16 bis 18 Uhr<\/p>\n\n\n\n<p>Veranstalter: Klima AG<\/p>\n\n\n\n<p><\/p>\n","protected":false},"excerpt":{"rendered":"<p>Wie auch letztes Jahr m\u00f6chten wir Euch Im Rahmen des Hitzeaktionstages vorstellen, wie wir uns selbst und andere vor Hitze sch\u00fctzen k\u00f6nnen und mit welchen Bedingungen wir mittel- bis langfristig rechnen m\u00fcssen.Zus\u00e4tzlich m\u00f6chten wir Euch das Klimaanpassungskonzeptes unseres Bezirks vorstellen und darauf eingehen, warum wir es f\u00fcr sinnvoll halten, auch f\u00fcr den M\u00f6ckernkiez ein Klimaanpassungskonzept &#8230; <\/p>\n<p class=\"read-more-container\"><a title=\"Klima- und Hitzeschutz im M\u00f6ckernkiez\" class=\"read-more button\" href=\"https:\/\/moeckernkiez-ev.de\/Wordpress_MK\/2025\/06\/09\/klima-und-hitzeschutz-im-moeckernkiez\/#more-7651\" aria-label=\"Mehr Informationen \u00fcber Klima- und Hitzeschutz im M\u00f6ckernkiez\">Beitrag lesen<\/a><\/p>\n","protected":false},"author":6,"featured_media":7660,"comment_status":"closed","ping_status":"open","sticky":false,"template":"","format":"standard","meta":{"footnotes":""},"categories":[1,86],"tags":[],"class_list":["post-7651","post","type-post","status-publish","format-standard","has-post-thumbnail","hentry","category-allgemein","category-archiv"],"publishpress_future_action":{"enabled":false,"date":"2026-05-05 14:38:02","action":"change-status","newStatus":"draft","terms":[],"taxonomy":"category","extraData":[]},"publishpress_future_workflow_manual_trigger":{"enabledWorkflows":[]},"_links":{"self":[{"href":"https:\/\/moeckernkiez-ev.de\/Wordpress_MK\/wp-json\/wp\/v2\/posts\/7651","targetHints":{"allow":["GET"]}}],"collection":[{"href":"https:\/\/moeckernkiez-ev.de\/Wordpress_MK\/wp-json\/wp\/v2\/posts"}],"about":[{"href":"https:\/\/moeckernkiez-ev.de\/Wordpress_MK\/wp-json\/wp\/v2\/types\/post"}],"author":[{"embeddable":true,"href":"https:\/\/moeckernkiez-ev.de\/Wordpress_MK\/wp-json\/wp\/v2\/users\/6"}],"replies":[{"embeddable":true,"href":"https:\/\/moeckernkiez-ev.de\/Wordpress_MK\/wp-json\/wp\/v2\/comments?post=7651"}],"version-history":[{"count":5,"href":"https:\/\/moeckernkiez-ev.de\/Wordpress_MK\/wp-json\/wp\/v2\/posts\/7651\/revisions"}],"predecessor-version":[{"id":7662,"href":"https:\/\/moeckernkiez-ev.de\/Wordpress_MK\/wp-json\/wp\/v2\/posts\/7651\/revisions\/7662"}],"wp:featuredmedia":[{"embeddable":true,"href":"https:\/\/moeckernkiez-ev.de\/Wordpress_MK\/wp-json\/wp\/v2\/media\/7660"}],"wp:attachment":[{"href":"https:\/\/moeckernkiez-ev.de\/Wordpress_MK\/wp-json\/wp\/v2\/media?parent=7651"}],"wp:term":[{"taxonomy":"category","embeddable":true,"href":"https:\/\/moeckernkiez-ev.de\/Wordpress_MK\/wp-json\/wp\/v2\/categories?post=7651"},{"taxonomy":"post_tag","embeddable":true,"href":"https:\/\/moeckernkiez-ev.de\/Wordpress_MK\/wp-json\/wp\/v2\/tags?post=7651"}],"curies":[{"name":"wp","href":"https:\/\/api.w.org\/{rel}","templated":true}]}}