{"id":7700,"date":"2025-06-11T19:34:25","date_gmt":"2025-06-11T17:34:25","guid":{"rendered":"https:\/\/moeckernkiez-ev.de\/Wordpress_MK\/?p=7700"},"modified":"2026-04-08T10:41:22","modified_gmt":"2026-04-08T08:41:22","slug":"wandermoeckis-auf-tour-2","status":"publish","type":"post","link":"https:\/\/moeckernkiez-ev.de\/Wordpress_MK\/2025\/06\/11\/wandermoeckis-auf-tour-2\/","title":{"rendered":"Wanderm\u00f6ckis auf Tour"},"content":{"rendered":"\n<p>Die Wanderm\u00f6ckis sind wieder auf Tour. <\/p>\n\n\n\n<p>Wie bereits w\u00e4hrend der Wanderung vom 8.5.2025 angek\u00fcndigt, werden wir die 4. Etappe der Berliner G\u00fcrtellinie wegen der L\u00e4nge von knapp 19 km etwas anders angehen als die bisherigen 3 Etappen. Monika wandert mit der Genusswandergruppe am 15.6.2025 die Teilstrecke von Alt-Schm\u00f6ckwitz nach Neu-Zittau. Von dort geht es dann mit dem Bus nach Erkner und dann mit dem RE zur\u00fcck zum M\u00f6ckernkiez \u00fcber S-Bahnhof Friedrichstra\u00dfe. Treffpunkt ist 9:35 Uhr am Kiezplatz und der Start ist um 10:45 Uhr in Alt-Schm\u00f6ckwitz. <\/p>\n\n\n\n<p>Die zweite Teilstrecke von Neu-Zittau bis Erkner nimmt Monika mit der Genusswandergruppe am 22.06.2025 in Angriff. Start ist wieder um 9:30 Uhr am Kiezplatz, dann geht es mit dem \u00d6PNV nach Neu-Zittau und von da aus wandern wir bis Erkner. <\/p>\n\n\n\n<p>Wolfgang wird mit der Sportwandergruppe am 22.06.2025 die gesamte Etappe von Alt-Schm\u00f6ckwitz aus wandern. F\u00fcr die knapp 19 km werden wir mit 2 Pausen ca. 5 Stunden brauchen. Es besteht auch die M\u00f6glichkeit, ab Neu-Zittau mit dem Bus nach Erkner zu fahren. Treffpunkt ist 9:00 Uhr am Kiezplatz und der Start ca. 10:15 Uhr in Alt Schm\u00f6ckwitz. Wegen der L\u00e4nge werden wir 2 Trink- und Esspausen einlegen. <\/p>\n\n\n\n<p>Ein Treffen der beiden Gruppen am 22.06.2025 l\u00e4sst sich nicht planen. Wenn der Zufall es will, begegnen wir uns. <\/p>\n\n\n\n<p>F\u00fcr die Sportwanderung am 22.06.2025 haben sich erst 3 Interessierte gemeldet. Da ist noch Luft nach oben. Bitte meldet Euch unter wandermoeckis@posteo.de an. <\/p>\n\n\n\n<p>Infos zur Etappe: https:\/\/www.komoot.com\/de-de\/tour\/1662863130 <\/p>\n\n\n\n<p>Wolfgang und Monika <\/p>\n","protected":false},"excerpt":{"rendered":"<p>Die Wanderm\u00f6ckis sind wieder auf Tour. Wie bereits w\u00e4hrend der Wanderung vom 8.5.2025 angek\u00fcndigt, werden wir die 4. Etappe der Berliner G\u00fcrtellinie wegen der L\u00e4nge von knapp 19 km etwas anders angehen als die bisherigen 3 Etappen. Monika wandert mit der Genusswandergruppe am 15.6.2025 die Teilstrecke von Alt-Schm\u00f6ckwitz nach Neu-Zittau. Von dort geht es dann &#8230; <\/p>\n<p class=\"read-more-container\"><a title=\"Wanderm\u00f6ckis auf Tour\" class=\"read-more button\" href=\"https:\/\/moeckernkiez-ev.de\/Wordpress_MK\/2025\/06\/11\/wandermoeckis-auf-tour-2\/#more-7700\" aria-label=\"Mehr Informationen \u00fcber Wanderm\u00f6ckis auf Tour\">Beitrag lesen<\/a><\/p>\n","protected":false},"author":6,"featured_media":7702,"comment_status":"closed","ping_status":"open","sticky":false,"template":"","format":"standard","meta":{"footnotes":""},"categories":[86,58,91,11,78,138,83],"tags":[],"class_list":["post-7700","post","type-post","status-publish","format-standard","has-post-thumbnail","hentry","category-archiv","category-austausch","category-familien","category-klimaschutz","category-sport-bewegung","category-wanderung","category-wissenschaft"],"publishpress_future_action":{"enabled":false,"date":"2026-05-07 02:30:04","action":"change-status","newStatus":"draft","terms":[],"taxonomy":"category","extraData":[]},"publishpress_future_workflow_manual_trigger":{"enabledWorkflows":[]},"_links":{"self":[{"href":"https:\/\/moeckernkiez-ev.de\/Wordpress_MK\/wp-json\/wp\/v2\/posts\/7700","targetHints":{"allow":["GET"]}}],"collection":[{"href":"https:\/\/moeckernkiez-ev.de\/Wordpress_MK\/wp-json\/wp\/v2\/posts"}],"about":[{"href":"https:\/\/moeckernkiez-ev.de\/Wordpress_MK\/wp-json\/wp\/v2\/types\/post"}],"author":[{"embeddable":true,"href":"https:\/\/moeckernkiez-ev.de\/Wordpress_MK\/wp-json\/wp\/v2\/users\/6"}],"replies":[{"embeddable":true,"href":"https:\/\/moeckernkiez-ev.de\/Wordpress_MK\/wp-json\/wp\/v2\/comments?post=7700"}],"version-history":[{"count":2,"href":"https:\/\/moeckernkiez-ev.de\/Wordpress_MK\/wp-json\/wp\/v2\/posts\/7700\/revisions"}],"predecessor-version":[{"id":7703,"href":"https:\/\/moeckernkiez-ev.de\/Wordpress_MK\/wp-json\/wp\/v2\/posts\/7700\/revisions\/7703"}],"wp:featuredmedia":[{"embeddable":true,"href":"https:\/\/moeckernkiez-ev.de\/Wordpress_MK\/wp-json\/wp\/v2\/media\/7702"}],"wp:attachment":[{"href":"https:\/\/moeckernkiez-ev.de\/Wordpress_MK\/wp-json\/wp\/v2\/media?parent=7700"}],"wp:term":[{"taxonomy":"category","embeddable":true,"href":"https:\/\/moeckernkiez-ev.de\/Wordpress_MK\/wp-json\/wp\/v2\/categories?post=7700"},{"taxonomy":"post_tag","embeddable":true,"href":"https:\/\/moeckernkiez-ev.de\/Wordpress_MK\/wp-json\/wp\/v2\/tags?post=7700"}],"curies":[{"name":"wp","href":"https:\/\/api.w.org\/{rel}","templated":true}]}}