{"id":8569,"date":"2025-09-12T12:07:00","date_gmt":"2025-09-12T10:07:00","guid":{"rendered":"https:\/\/moeckernkiez-ev.de\/Wordpress_MK\/?p=8569"},"modified":"2025-10-02T19:36:42","modified_gmt":"2025-10-02T17:36:42","slug":"der-pflegestuetzpunkt-wieder-zur-beratung-im-moeckernkiez","status":"publish","type":"post","link":"https:\/\/moeckernkiez-ev.de\/Wordpress_MK\/2025\/09\/12\/der-pflegestuetzpunkt-wieder-zur-beratung-im-moeckernkiez\/","title":{"rendered":"Der Pflegest\u00fctzpunkt wieder zur Beratung im M\u00f6ckernkiez!"},"content":{"rendered":"\n<p>Die AG Nachbarschaftshilfe organisiert die M\u00f6glichkeit f\u00fcr eine professionelle Beratung f\u00fcr alle Fragen rund um die Pflege durch den Pflegest\u00fctzpunkt. Folgende Termine sind vereinbart: <br>13.10. \u00a013.00 &#8211; 15.00<br>5.12. \u00a0\u00a0\u00a010.30 &#8211; 12.30<br>Eine Anmeldung ist erforderlich \u00fcber\u00a0<a href=\"mailto:e.e.stauss@web.de\">e.e.stauss@web.de<\/a>\u00a0oder\u00a0<a href=\"mailto:anitaleisge@we.de\">anitaleisge@web.de<\/a><\/p>\n\n\n\n<p><\/p>\n","protected":false},"excerpt":{"rendered":"<p>Die AG Nachbarschaftshilfe organisiert die M\u00f6glichkeit f\u00fcr eine professionelle Beratung f\u00fcr alle Fragen rund um die Pflege durch den Pflegest\u00fctzpunkt. Folgende Termine sind vereinbart: 13.10. \u00a013.00 &#8211; 15.005.12. \u00a0\u00a0\u00a010.30 &#8211; 12.30Eine Anmeldung ist erforderlich \u00fcber\u00a0e.e.stauss@web.de\u00a0oder\u00a0anitaleisge@web.de<\/p>\n","protected":false},"author":3,"featured_media":0,"comment_status":"closed","ping_status":"open","sticky":false,"template":"","format":"standard","meta":{"footnotes":""},"categories":[87],"tags":[],"class_list":["post-8569","post","type-post","status-publish","format-standard","hentry","category-beratung"],"publishpress_future_action":{"enabled":false,"date":"2026-05-02 11:48:22","action":"change-status","newStatus":"draft","terms":[],"taxonomy":"category","extraData":[]},"publishpress_future_workflow_manual_trigger":{"enabledWorkflows":[]},"_links":{"self":[{"href":"https:\/\/moeckernkiez-ev.de\/Wordpress_MK\/wp-json\/wp\/v2\/posts\/8569","targetHints":{"allow":["GET"]}}],"collection":[{"href":"https:\/\/moeckernkiez-ev.de\/Wordpress_MK\/wp-json\/wp\/v2\/posts"}],"about":[{"href":"https:\/\/moeckernkiez-ev.de\/Wordpress_MK\/wp-json\/wp\/v2\/types\/post"}],"author":[{"embeddable":true,"href":"https:\/\/moeckernkiez-ev.de\/Wordpress_MK\/wp-json\/wp\/v2\/users\/3"}],"replies":[{"embeddable":true,"href":"https:\/\/moeckernkiez-ev.de\/Wordpress_MK\/wp-json\/wp\/v2\/comments?post=8569"}],"version-history":[{"count":3,"href":"https:\/\/moeckernkiez-ev.de\/Wordpress_MK\/wp-json\/wp\/v2\/posts\/8569\/revisions"}],"predecessor-version":[{"id":10121,"href":"https:\/\/moeckernkiez-ev.de\/Wordpress_MK\/wp-json\/wp\/v2\/posts\/8569\/revisions\/10121"}],"wp:attachment":[{"href":"https:\/\/moeckernkiez-ev.de\/Wordpress_MK\/wp-json\/wp\/v2\/media?parent=8569"}],"wp:term":[{"taxonomy":"category","embeddable":true,"href":"https:\/\/moeckernkiez-ev.de\/Wordpress_MK\/wp-json\/wp\/v2\/categories?post=8569"},{"taxonomy":"post_tag","embeddable":true,"href":"https:\/\/moeckernkiez-ev.de\/Wordpress_MK\/wp-json\/wp\/v2\/tags?post=8569"}],"curies":[{"name":"wp","href":"https:\/\/api.w.org\/{rel}","templated":true}]}}