{"id":9173,"date":"2025-11-17T11:37:09","date_gmt":"2025-11-17T10:37:09","guid":{"rendered":"https:\/\/moeckernkiez-ev.de\/Wordpress_MK\/?p=9173"},"modified":"2025-11-18T10:33:17","modified_gmt":"2025-11-18T09:33:17","slug":"einladung-zu-einer-lesung-am-bundesweiten-vorlesetag-21-11-25-1630-uhr-im-moeca","status":"publish","type":"post","link":"https:\/\/moeckernkiez-ev.de\/Wordpress_MK\/2025\/11\/17\/einladung-zu-einer-lesung-am-bundesweiten-vorlesetag-21-11-25-1630-uhr-im-moeca\/","title":{"rendered":"Einladung zu einer Lesung am bundesweiten Vorlesetag, 21.11.25, 16:30 Uhr im M\u00f6ca"},"content":{"rendered":"\n<p>Barbara Gemassmer und Renate Anders lesen am bundesweiten Vorlesetag im M\u00f6ca aus dem &#8222;Omas for Future&#8220; OfF-Buch \u201eOma erz\u00e4hle mir von der Zukunft\u201c vor. Es geht um Geschichten aus 5 St\u00e4dten, die sich schon auf den Weg in eine zukunftsf\u00e4hige Transformation gemacht haben, rund um Flori den Regenbogenwurm. <br>F\u00fcr Kekse und Kakao o. \u00e4. ist gesorgt. Gedacht f\u00fcr 5 bis 9-j\u00e4hrige.<br><br><\/p>\n\n\n<div class=\"wp-block-image\">\n<figure class=\"aligncenter size-full is-resized\"><img loading=\"lazy\" decoding=\"async\" width=\"522\" height=\"716\" src=\"https:\/\/moeckernkiez-ev.de\/Wordpress_MK\/wp-content\/uploads\/2025\/11\/grafik-1.png\" alt=\"\" class=\"wp-image-9174\" style=\"width:460px;height:auto\" srcset=\"https:\/\/moeckernkiez-ev.de\/Wordpress_MK\/wp-content\/uploads\/2025\/11\/grafik-1.png 522w, https:\/\/moeckernkiez-ev.de\/Wordpress_MK\/wp-content\/uploads\/2025\/11\/grafik-1-219x300.png 219w\" sizes=\"auto, (max-width: 522px) 100vw, 522px\" \/><\/figure>\n<\/div>","protected":false},"excerpt":{"rendered":"<p>Barbara Gemassmer und Renate Anders lesen am bundesweiten Vorlesetag im M\u00f6ca aus dem &#8222;Omas for Future&#8220; OfF-Buch \u201eOma erz\u00e4hle mir von der Zukunft\u201c vor. Es geht um Geschichten aus 5 St\u00e4dten, die sich schon auf den Weg in eine zukunftsf\u00e4hige Transformation gemacht haben, rund um Flori den Regenbogenwurm. F\u00fcr Kekse und Kakao o. \u00e4. ist &#8230; <\/p>\n<p class=\"read-more-container\"><a title=\"Einladung zu einer Lesung am bundesweiten Vorlesetag, 21.11.25, 16:30 Uhr im M\u00f6ca\" class=\"read-more button\" href=\"https:\/\/moeckernkiez-ev.de\/Wordpress_MK\/2025\/11\/17\/einladung-zu-einer-lesung-am-bundesweiten-vorlesetag-21-11-25-1630-uhr-im-moeca\/#more-9173\" aria-label=\"Mehr Informationen \u00fcber Einladung zu einer Lesung am bundesweiten Vorlesetag, 21.11.25, 16:30 Uhr im M\u00f6ca\">Beitrag lesen<\/a><\/p>\n","protected":false},"author":3,"featured_media":9174,"comment_status":"closed","ping_status":"open","sticky":false,"template":"","format":"standard","meta":{"footnotes":""},"categories":[91,11],"tags":[],"class_list":["post-9173","post","type-post","status-publish","format-standard","has-post-thumbnail","hentry","category-familien","category-klimaschutz"],"publishpress_future_action":{"enabled":false,"date":"2026-05-06 20:56:46","action":"change-status","newStatus":"draft","terms":[],"taxonomy":"category","extraData":[]},"publishpress_future_workflow_manual_trigger":{"enabledWorkflows":[]},"_links":{"self":[{"href":"https:\/\/moeckernkiez-ev.de\/Wordpress_MK\/wp-json\/wp\/v2\/posts\/9173","targetHints":{"allow":["GET"]}}],"collection":[{"href":"https:\/\/moeckernkiez-ev.de\/Wordpress_MK\/wp-json\/wp\/v2\/posts"}],"about":[{"href":"https:\/\/moeckernkiez-ev.de\/Wordpress_MK\/wp-json\/wp\/v2\/types\/post"}],"author":[{"embeddable":true,"href":"https:\/\/moeckernkiez-ev.de\/Wordpress_MK\/wp-json\/wp\/v2\/users\/3"}],"replies":[{"embeddable":true,"href":"https:\/\/moeckernkiez-ev.de\/Wordpress_MK\/wp-json\/wp\/v2\/comments?post=9173"}],"version-history":[{"count":3,"href":"https:\/\/moeckernkiez-ev.de\/Wordpress_MK\/wp-json\/wp\/v2\/posts\/9173\/revisions"}],"predecessor-version":[{"id":9187,"href":"https:\/\/moeckernkiez-ev.de\/Wordpress_MK\/wp-json\/wp\/v2\/posts\/9173\/revisions\/9187"}],"wp:featuredmedia":[{"embeddable":true,"href":"https:\/\/moeckernkiez-ev.de\/Wordpress_MK\/wp-json\/wp\/v2\/media\/9174"}],"wp:attachment":[{"href":"https:\/\/moeckernkiez-ev.de\/Wordpress_MK\/wp-json\/wp\/v2\/media?parent=9173"}],"wp:term":[{"taxonomy":"category","embeddable":true,"href":"https:\/\/moeckernkiez-ev.de\/Wordpress_MK\/wp-json\/wp\/v2\/categories?post=9173"},{"taxonomy":"post_tag","embeddable":true,"href":"https:\/\/moeckernkiez-ev.de\/Wordpress_MK\/wp-json\/wp\/v2\/tags?post=9173"}],"curies":[{"name":"wp","href":"https:\/\/api.w.org\/{rel}","templated":true}]}}