{"id":9674,"date":"2026-01-03T16:59:12","date_gmt":"2026-01-03T15:59:12","guid":{"rendered":"https:\/\/moeckernkiez-ev.de\/Wordpress_MK\/?p=9674"},"modified":"2026-01-03T21:37:38","modified_gmt":"2026-01-03T20:37:38","slug":"silvester-2025-im-moeckernkiez-hidden-and-visible-heros","status":"publish","type":"post","link":"https:\/\/moeckernkiez-ev.de\/Wordpress_MK\/2026\/01\/03\/silvester-2025-im-moeckernkiez-hidden-and-visible-heros\/","title":{"rendered":"Silvester 2025 im M\u00f6ckernkiez &#8211; Hidden and visible heros"},"content":{"rendered":"\n<p>Das war&#8217;s, die Neujahrsfeierlichkeiten im Treffpunkt sind gelaufen, wie immer zu solchen Anl\u00e4ssen dank vieler helfenden H\u00e4nde, sichtbarer und unsichtbarer&#8230; .<\/p>\n\n\n\n<p>Erste unsichtbare H\u00e4nde waren schon nach Betreten des M\u00f6ca zu erahnen, geschm\u00fcckte Tische mit weissen Decken, Tische zu Tafeln verwandelt. Luftballons und sonstiges &#8217;n\u00fctzliches&#8216; Zimmerschmuckwerk, welches den Treffpunkt in eine &#8218;Party-Zone&#8216; verwandelten. Anerkennendes Gemurmel der eintreffenden G\u00e4ste war hier und da vernehmbar&#8230;<\/p>\n\n\n<div class=\"wp-block-image\">\n<figure class=\"alignleft size-full is-resized\"><img loading=\"lazy\" decoding=\"async\" width=\"314\" height=\"342\" src=\"https:\/\/moeckernkiez-ev.de\/Wordpress_MK\/wp-content\/uploads\/2026\/01\/grafik-2.png\" alt=\"\" class=\"wp-image-9703\" style=\"aspect-ratio:0.9181432209751084;width:158px;height:auto\" srcset=\"https:\/\/moeckernkiez-ev.de\/Wordpress_MK\/wp-content\/uploads\/2026\/01\/grafik-2.png 314w, https:\/\/moeckernkiez-ev.de\/Wordpress_MK\/wp-content\/uploads\/2026\/01\/grafik-2-275x300.png 275w\" sizes=\"auto, (max-width: 314px) 100vw, 314px\" \/><\/figure>\n<\/div>\n\n<div class=\"wp-block-image\">\n<figure class=\"alignright size-full\"><img loading=\"lazy\" decoding=\"async\" width=\"278\" height=\"128\" src=\"https:\/\/moeckernkiez-ev.de\/Wordpress_MK\/wp-content\/uploads\/2026\/01\/grafik-3.png\" alt=\"\" class=\"wp-image-9705\"\/><\/figure>\n<\/div>\n\n\n<p>Start 19:00 Uhr mit einem Mitbring-Diner bis 21 Uhr um Kr\u00e4fte f\u00fcr das geplante &#8218;Abhotten&#8216; unter der (neuen) Discokugel zu sammeln. Beide bereitgestellten B\u00fcffet-Tische waren z\u00fcgig mit Nahrungsmitteln verschiedener Provenienz zum gen\u00fcsslichen Verzehr gef\u00fcllt. Das kommunikative Schmausen konnte beginnen.<br \/>Im Anschluss an das Essen war Quizzeit mit Ingrid, die einen anregenden Fragenkatalog mit Fortbildungscharakter rund um Silvester vorbereitet hatte und in Kleingruppen moderierte.<br \/>Die Aufl\u00f6sung der Fragen bot die eine oder andere \u00dcberraschung.<\/p>\n\n\n\n<p>F\u00fcr die, komplette, Dauer der Feier stand Karl als Mixer, der schon in der Vorrausschau auf den zu erwarteten langen Abend seinen Platz im Sitzen eingerichtet hatte, wie immer gut gelaunt zur Verf\u00fcgung.<br>Dieses Sitzfleisch bedingte allerdings, dass er f\u00fcr verschiedenste logistische T\u00e4tigkeiten der emsigen Assistenzen bedurfte, die parallel zu den Feiernden im Maschinenraum (K\u00fcche) aktiv waren.<\/p>\n\n\n<div class=\"wp-block-image\">\n<figure class=\"alignleft size-full is-resized\"><img loading=\"lazy\" decoding=\"async\" width=\"490\" height=\"223\" src=\"https:\/\/moeckernkiez-ev.de\/Wordpress_MK\/wp-content\/uploads\/2026\/01\/grafik-1.png\" alt=\"\" class=\"wp-image-9702\" style=\"aspect-ratio:2.1972689161369314;width:491px;height:auto\" srcset=\"https:\/\/moeckernkiez-ev.de\/Wordpress_MK\/wp-content\/uploads\/2026\/01\/grafik-1.png 490w, https:\/\/moeckernkiez-ev.de\/Wordpress_MK\/wp-content\/uploads\/2026\/01\/grafik-1-300x137.png 300w\" sizes=\"auto, (max-width: 490px) 100vw, 490px\" \/><\/figure>\n<\/div>\n\n\n<p><br>Wenn mit Karl die individuelle Cocktailmischung, f\u00fcr angemessenen Beitrag zur Deckung der Selbstkosten, gekl\u00e4rt war, konnte dann nach 21:00 Uhr der Tanz im Forum mit DJane Bettina beginnen.<br>Neben Karl war sie die zweite sichtbare Aktive, welche den Feierbetrieb Stunde um Stunde am Laufen hielt.<\/p>\n\n\n\n<p>So pulsierte das Forum bei hoher Wattzahl auf den H\u00f6hepunkt des Abends zu &#8211; und leerte sich erwartungsgem\u00e4ss um Mitternacht kurzzeitig, da die G\u00e4steschar in Mehrzahl zum Anstossen mit den Hausgruppen den D\u00e4chern ihrer H\u00e4user zustrebte.<br \/>Im Anschluss ging es kurz nach Mitternacht mit hoher Schlagzahl bis 2:30 Uhr weiter, bis dann der Dancefloor mit dem Gassenhauer &#8218;Gute Nacht Freunde&#8230;&#8216; geschlossen wurde.<\/p>\n\n\n\n<p>Summasummarum wieder mal ein sch\u00f6nes Fest mit kreativen und emsigen Organisatoren im Vorder- und Hintergrund. <br>Am n\u00e4chsten Morgen kam zur Abrundung der Feier noch eine Putz- und Aufr\u00e4umkolonne vorbei, soda\u00df es schon zum Nachmittagskaffee nix mehr zu meckern gab.<\/p>\n\n\n\n<p>WD<\/p>\n\n\n\n<p>P.S. Auf diesem Weg w\u00fcnscht die Redaktionsgruppe dieser Website und der Verein M\u00f6ckernkiez e.V. als Betreiber ein &#8218;Prosit Neujahr&#8216; und Alles Gute f\u00fcr 2026 \ud83d\ude09<\/p>\n","protected":false},"excerpt":{"rendered":"<p>Das war&#8217;s, die Neujahrsfeierlichkeiten im Treffpunkt sind gelaufen, wie immer zu solchen Anl\u00e4ssen dank vieler helfenden H\u00e4nde, sichtbarer und unsichtbarer&#8230; . Erste unsichtbare H\u00e4nde waren schon nach Betreten des M\u00f6ca zu erahnen, geschm\u00fcckte Tische mit weissen Decken, Tische zu Tafeln verwandelt. Luftballons und sonstiges &#8217;n\u00fctzliches&#8216; Zimmerschmuckwerk, welches den Treffpunkt in eine &#8218;Party-Zone&#8216; verwandelten. Anerkennendes Gemurmel &#8230; <\/p>\n<p class=\"read-more-container\"><a title=\"Silvester 2025 im M\u00f6ckernkiez &#8211; Hidden and visible heros\" class=\"read-more button\" href=\"https:\/\/moeckernkiez-ev.de\/Wordpress_MK\/2026\/01\/03\/silvester-2025-im-moeckernkiez-hidden-and-visible-heros\/#more-9674\" aria-label=\"Mehr Informationen \u00fcber Silvester 2025 im M\u00f6ckernkiez &#8211; Hidden and visible heros\">Beitrag lesen<\/a><\/p>\n","protected":false},"author":3,"featured_media":9702,"comment_status":"closed","ping_status":"open","sticky":false,"template":"","format":"standard","meta":{"footnotes":""},"categories":[58,101],"tags":[],"class_list":["post-9674","post","type-post","status-publish","format-standard","has-post-thumbnail","hentry","category-austausch","category-treffpunkt"],"publishpress_future_action":{"enabled":false,"date":"2026-05-02 10:53:26","action":"change-status","newStatus":"draft","terms":[],"taxonomy":"category","extraData":[]},"publishpress_future_workflow_manual_trigger":{"enabledWorkflows":[]},"_links":{"self":[{"href":"https:\/\/moeckernkiez-ev.de\/Wordpress_MK\/wp-json\/wp\/v2\/posts\/9674","targetHints":{"allow":["GET"]}}],"collection":[{"href":"https:\/\/moeckernkiez-ev.de\/Wordpress_MK\/wp-json\/wp\/v2\/posts"}],"about":[{"href":"https:\/\/moeckernkiez-ev.de\/Wordpress_MK\/wp-json\/wp\/v2\/types\/post"}],"author":[{"embeddable":true,"href":"https:\/\/moeckernkiez-ev.de\/Wordpress_MK\/wp-json\/wp\/v2\/users\/3"}],"replies":[{"embeddable":true,"href":"https:\/\/moeckernkiez-ev.de\/Wordpress_MK\/wp-json\/wp\/v2\/comments?post=9674"}],"version-history":[{"count":14,"href":"https:\/\/moeckernkiez-ev.de\/Wordpress_MK\/wp-json\/wp\/v2\/posts\/9674\/revisions"}],"predecessor-version":[{"id":9710,"href":"https:\/\/moeckernkiez-ev.de\/Wordpress_MK\/wp-json\/wp\/v2\/posts\/9674\/revisions\/9710"}],"wp:featuredmedia":[{"embeddable":true,"href":"https:\/\/moeckernkiez-ev.de\/Wordpress_MK\/wp-json\/wp\/v2\/media\/9702"}],"wp:attachment":[{"href":"https:\/\/moeckernkiez-ev.de\/Wordpress_MK\/wp-json\/wp\/v2\/media?parent=9674"}],"wp:term":[{"taxonomy":"category","embeddable":true,"href":"https:\/\/moeckernkiez-ev.de\/Wordpress_MK\/wp-json\/wp\/v2\/categories?post=9674"},{"taxonomy":"post_tag","embeddable":true,"href":"https:\/\/moeckernkiez-ev.de\/Wordpress_MK\/wp-json\/wp\/v2\/tags?post=9674"}],"curies":[{"name":"wp","href":"https:\/\/api.w.org\/{rel}","templated":true}]}}